{"id":1298,"date":"2017-02-19T18:49:37","date_gmt":"2017-02-19T17:49:37","guid":{"rendered":"http:\/\/autate.fr\/site\/?p=1298"},"modified":"2017-02-19T19:07:39","modified_gmt":"2017-02-19T18:07:39","slug":"la-depeche-financement-de-la-3e-ligne-de-metro-moudenc-va-interpeller-les-candidats","status":"publish","type":"post","link":"https:\/\/autate.fr\/site\/la-depeche-financement-de-la-3e-ligne-de-metro-moudenc-va-interpeller-les-candidats\/","title":{"rendered":"[La D\u00e9p\u00eache] Financement de la 3e ligne de m\u00e9tro Moudenc va interpeller les candidats"},"content":{"rendered":"<p>Un article de Philippe Emery paru dans la D\u00e9p\u00eache du midi le 19\/02\/2017<\/p>\n<p>2,12 milliards d&rsquo;euros, cela ne se trouve pas comme \u00e7a.<\/p>\n<p>Et m\u00eame si le SMTC-Tiss\u00e9o, <a href=\"http:\/\/www.ladepeche.fr\/communes\/toulouse,31555.html\">Toulouse<\/a> M\u00e9tropole, le conseil d\u00e9partemental et la r\u00e9gion Occitanie se sont d\u00e9j\u00e0 positionn\u00e9s pour financer, en grande part, le projet de 3e ligne de m\u00e9tro, le bilan du d\u00e9bat public a rappel\u00e9 r\u00e9cemment l&rsquo;hypoth\u00e8se d&rsquo;un financement exceptionnel sur le mod\u00e8le de celui du Grand Paris Express.<\/p>\n<p>Ce projet pr\u00e9voit notamment plusieurs lignes de m\u00e9tro autour de la capitale (25 milliards d&rsquo;euros d&rsquo;investissement pr\u00e9vus, dix fois plus que pour la 3e ligne).<\/p>\n<p>De quoi s&rsquo;agit-il exactement ? \u00abLe Grand Paris Express b\u00e9n\u00e9ficie d&rsquo;une fiscalit\u00e9 d\u00e9di\u00e9e, avec une part de la taxe sur les bureaux en Ile-de-France et de la taxe sp\u00e9ciale d&rsquo;\u00e9quipement, taxe additionnelle aux taxes locales, qui rapportent plus de 450 millions d&rsquo;euros par an\u00bb, indique Jean-Claude Ruysschaert, membre de la commission particuli\u00e8re du d\u00e9bat public sur la 3e ligne, au fait du syst\u00e8me parisien.<\/p>\n<p><a href=\"http:\/\/www.ladepeche.fr\/article\/2017\/02\/19\/2520108-financement-3e-ligne-metro-moudenc-va-interpeller-candidats.html\" target=\"_blank\">lire la suite<\/a><\/p>\n","protected":false},"excerpt":{"rendered":"<p>Un article de Philippe Emery paru dans la D\u00e9p\u00eache du midi le 19\/02\/2017 2,12 milliards d&rsquo;euros, cela ne se trouve pas comme \u00e7a. Et m\u00eame si le SMTC-Tiss\u00e9o, Toulouse M\u00e9tropole, le conseil d\u00e9partemental et la r\u00e9gion Occitanie se sont d\u00e9j\u00e0 positionn\u00e9s pour financer, en grande part, le projet de 3e ligne de m\u00e9tro, le bilan<\/p>\n<p class=\"more-link\"><a href=\"https:\/\/autate.fr\/site\/la-depeche-financement-de-la-3e-ligne-de-metro-moudenc-va-interpeller-les-candidats\/\" class=\"themebutton2\">VOIR PLUS<\/a><\/p>\n","protected":false},"author":1,"featured_media":0,"comment_status":"open","ping_status":"open","sticky":false,"template":"","format":"standard","meta":{"footnotes":""},"categories":[265,7],"tags":[237,195,79],"class_list":["post-1298","post","type-post","status-publish","format-standard","hentry","category-contribution-au-debat-public-3eme-ligne","category-revue-de-presse","tag-3eme-ligne-de-metro","tag-financement","tag-jlmoudenc"],"yoast_head":"<!-- This site is optimized with the Yoast SEO plugin v27.4 - https:\/\/yoast.com\/product\/yoast-seo-wordpress\/ -->\n<title>[La D\u00e9p\u00eache] Financement de la 3e ligne de m\u00e9tro Moudenc va interpeller les candidats - AUTATE<\/title>\n<meta name=\"robots\" content=\"index, follow, max-snippet:-1, max-image-preview:large, max-video-preview:-1\" \/>\n<link rel=\"canonical\" href=\"https:\/\/autate.fr\/site\/la-depeche-financement-de-la-3e-ligne-de-metro-moudenc-va-interpeller-les-candidats\/\" \/>\n<meta property=\"og:locale\" content=\"fr_FR\" \/>\n<meta property=\"og:type\" content=\"article\" \/>\n<meta property=\"og:title\" content=\"[La D\u00e9p\u00eache] Financement de la 3e ligne de m\u00e9tro Moudenc va interpeller les candidats - AUTATE\" \/>\n<meta property=\"og:description\" content=\"Un article de Philippe Emery paru dans la D\u00e9p\u00eache du midi le 19\/02\/2017 2,12 milliards d&rsquo;euros, cela ne se trouve pas comme \u00e7a. Et m\u00eame si le SMTC-Tiss\u00e9o, Toulouse M\u00e9tropole, le conseil d\u00e9partemental et la r\u00e9gion Occitanie se sont d\u00e9j\u00e0 positionn\u00e9s pour financer, en grande part, le projet de 3e ligne de m\u00e9tro, le bilanVOIR PLUS\" \/>\n<meta property=\"og:url\" content=\"https:\/\/autate.fr\/site\/la-depeche-financement-de-la-3e-ligne-de-metro-moudenc-va-interpeller-les-candidats\/\" \/>\n<meta property=\"og:site_name\" content=\"AUTATE\" \/>\n<meta property=\"article:publisher\" content=\"https:\/\/www.facebook.com\/AutateToulouse\" \/>\n<meta property=\"article:published_time\" content=\"2017-02-19T17:49:37+00:00\" \/>\n<meta property=\"article:modified_time\" content=\"2017-02-19T18:07:39+00:00\" \/>\n<meta name=\"author\" content=\"pascalbarbier\" \/>\n<meta name=\"twitter:card\" content=\"summary_large_image\" \/>\n<meta name=\"twitter:creator\" content=\"@AutateToulouse\" \/>\n<meta name=\"twitter:site\" content=\"@AutateToulouse\" \/>\n<meta name=\"twitter:label1\" content=\"\u00c9crit par\" \/>\n\t<meta name=\"twitter:data1\" content=\"pascalbarbier\" \/>\n\t<meta name=\"twitter:label2\" content=\"Dur\u00e9e de lecture estim\u00e9e\" \/>\n\t<meta name=\"twitter:data2\" content=\"1 minute\" \/>\n<script type=\"application\/ld+json\" class=\"yoast-schema-graph\">{\"@context\":\"https:\\\/\\\/schema.org\",\"@graph\":[{\"@type\":\"Article\",\"@id\":\"https:\\\/\\\/autate.fr\\\/site\\\/la-depeche-financement-de-la-3e-ligne-de-metro-moudenc-va-interpeller-les-candidats\\\/#article\",\"isPartOf\":{\"@id\":\"https:\\\/\\\/autate.fr\\\/site\\\/la-depeche-financement-de-la-3e-ligne-de-metro-moudenc-va-interpeller-les-candidats\\\/\"},\"author\":{\"name\":\"pascalbarbier\",\"@id\":\"https:\\\/\\\/autate.fr\\\/site\\\/#\\\/schema\\\/person\\\/ae1ab8bdaa7b41d2a9b52d2557ce8254\"},\"headline\":\"[La D\u00e9p\u00eache] Financement de la 3e ligne de m\u00e9tro Moudenc va interpeller les candidats\",\"datePublished\":\"2017-02-19T17:49:37+00:00\",\"dateModified\":\"2017-02-19T18:07:39+00:00\",\"mainEntityOfPage\":{\"@id\":\"https:\\\/\\\/autate.fr\\\/site\\\/la-depeche-financement-de-la-3e-ligne-de-metro-moudenc-va-interpeller-les-candidats\\\/\"},\"wordCount\":204,\"commentCount\":0,\"publisher\":{\"@id\":\"https:\\\/\\\/autate.fr\\\/site\\\/#organization\"},\"keywords\":[\"3\u00e8me ligne de m\u00e9tro\",\"Financement\",\"JLMoudenc\"],\"articleSection\":[\"M\u00e9tro\",\"Revue de presse\"],\"inLanguage\":\"fr-FR\",\"potentialAction\":[{\"@type\":\"CommentAction\",\"name\":\"Comment\",\"target\":[\"https:\\\/\\\/autate.fr\\\/site\\\/la-depeche-financement-de-la-3e-ligne-de-metro-moudenc-va-interpeller-les-candidats\\\/#respond\"]}]},{\"@type\":\"WebPage\",\"@id\":\"https:\\\/\\\/autate.fr\\\/site\\\/la-depeche-financement-de-la-3e-ligne-de-metro-moudenc-va-interpeller-les-candidats\\\/\",\"url\":\"https:\\\/\\\/autate.fr\\\/site\\\/la-depeche-financement-de-la-3e-ligne-de-metro-moudenc-va-interpeller-les-candidats\\\/\",\"name\":\"[La D\u00e9p\u00eache] Financement de la 3e ligne de m\u00e9tro Moudenc va interpeller les candidats - AUTATE\",\"isPartOf\":{\"@id\":\"https:\\\/\\\/autate.fr\\\/site\\\/#website\"},\"datePublished\":\"2017-02-19T17:49:37+00:00\",\"dateModified\":\"2017-02-19T18:07:39+00:00\",\"breadcrumb\":{\"@id\":\"https:\\\/\\\/autate.fr\\\/site\\\/la-depeche-financement-de-la-3e-ligne-de-metro-moudenc-va-interpeller-les-candidats\\\/#breadcrumb\"},\"inLanguage\":\"fr-FR\",\"potentialAction\":[{\"@type\":\"ReadAction\",\"target\":[\"https:\\\/\\\/autate.fr\\\/site\\\/la-depeche-financement-de-la-3e-ligne-de-metro-moudenc-va-interpeller-les-candidats\\\/\"]}]},{\"@type\":\"BreadcrumbList\",\"@id\":\"https:\\\/\\\/autate.fr\\\/site\\\/la-depeche-financement-de-la-3e-ligne-de-metro-moudenc-va-interpeller-les-candidats\\\/#breadcrumb\",\"itemListElement\":[{\"@type\":\"ListItem\",\"position\":1,\"name\":\"Accueil\",\"item\":\"https:\\\/\\\/autate.fr\\\/site\\\/\"},{\"@type\":\"ListItem\",\"position\":2,\"name\":\"[La D\u00e9p\u00eache] Financement de la 3e ligne de m\u00e9tro Moudenc va interpeller les candidats\"}]},{\"@type\":\"WebSite\",\"@id\":\"https:\\\/\\\/autate.fr\\\/site\\\/#website\",\"url\":\"https:\\\/\\\/autate.fr\\\/site\\\/\",\"name\":\"AUTATE\",\"description\":\"Association des usagers des transports de l&#039;agglom\u00e9ration Toulousaine et de ses environs\",\"publisher\":{\"@id\":\"https:\\\/\\\/autate.fr\\\/site\\\/#organization\"},\"potentialAction\":[{\"@type\":\"SearchAction\",\"target\":{\"@type\":\"EntryPoint\",\"urlTemplate\":\"https:\\\/\\\/autate.fr\\\/site\\\/?s={search_term_string}\"},\"query-input\":{\"@type\":\"PropertyValueSpecification\",\"valueRequired\":true,\"valueName\":\"search_term_string\"}}],\"inLanguage\":\"fr-FR\"},{\"@type\":\"Organization\",\"@id\":\"https:\\\/\\\/autate.fr\\\/site\\\/#organization\",\"name\":\"AUTATE\",\"url\":\"https:\\\/\\\/autate.fr\\\/site\\\/\",\"logo\":{\"@type\":\"ImageObject\",\"inLanguage\":\"fr-FR\",\"@id\":\"https:\\\/\\\/autate.fr\\\/site\\\/#\\\/schema\\\/logo\\\/image\\\/\",\"url\":\"http:\\\/\\\/autate.fr\\\/site\\\/wp-content\\\/uploads\\\/2019\\\/01\\\/logo.png\",\"contentUrl\":\"http:\\\/\\\/autate.fr\\\/site\\\/wp-content\\\/uploads\\\/2019\\\/01\\\/logo.png\",\"width\":506,\"height\":280,\"caption\":\"AUTATE\"},\"image\":{\"@id\":\"https:\\\/\\\/autate.fr\\\/site\\\/#\\\/schema\\\/logo\\\/image\\\/\"},\"sameAs\":[\"https:\\\/\\\/www.facebook.com\\\/AutateToulouse\",\"https:\\\/\\\/x.com\\\/AutateToulouse\"]},{\"@type\":\"Person\",\"@id\":\"https:\\\/\\\/autate.fr\\\/site\\\/#\\\/schema\\\/person\\\/ae1ab8bdaa7b41d2a9b52d2557ce8254\",\"name\":\"pascalbarbier\",\"image\":{\"@type\":\"ImageObject\",\"inLanguage\":\"fr-FR\",\"@id\":\"https:\\\/\\\/secure.gravatar.com\\\/avatar\\\/03f4e8ced09894b72c67e83142540730d4b3bbf619bf46341b0074e3bf5f08a0?s=96&d=mm&r=g\",\"url\":\"https:\\\/\\\/secure.gravatar.com\\\/avatar\\\/03f4e8ced09894b72c67e83142540730d4b3bbf619bf46341b0074e3bf5f08a0?s=96&d=mm&r=g\",\"contentUrl\":\"https:\\\/\\\/secure.gravatar.com\\\/avatar\\\/03f4e8ced09894b72c67e83142540730d4b3bbf619bf46341b0074e3bf5f08a0?s=96&d=mm&r=g\",\"caption\":\"pascalbarbier\"},\"url\":\"https:\\\/\\\/autate.fr\\\/site\\\/author\\\/pascalbarbier\\\/\"}]}<\/script>\n<!-- \/ Yoast SEO plugin. -->","yoast_head_json":{"title":"[La D\u00e9p\u00eache] Financement de la 3e ligne de m\u00e9tro Moudenc va interpeller les candidats - AUTATE","robots":{"index":"index","follow":"follow","max-snippet":"max-snippet:-1","max-image-preview":"max-image-preview:large","max-video-preview":"max-video-preview:-1"},"canonical":"https:\/\/autate.fr\/site\/la-depeche-financement-de-la-3e-ligne-de-metro-moudenc-va-interpeller-les-candidats\/","og_locale":"fr_FR","og_type":"article","og_title":"[La D\u00e9p\u00eache] Financement de la 3e ligne de m\u00e9tro Moudenc va interpeller les candidats - AUTATE","og_description":"Un article de Philippe Emery paru dans la D\u00e9p\u00eache du midi le 19\/02\/2017 2,12 milliards d&rsquo;euros, cela ne se trouve pas comme \u00e7a. Et m\u00eame si le SMTC-Tiss\u00e9o, Toulouse M\u00e9tropole, le conseil d\u00e9partemental et la r\u00e9gion Occitanie se sont d\u00e9j\u00e0 positionn\u00e9s pour financer, en grande part, le projet de 3e ligne de m\u00e9tro, le bilanVOIR PLUS","og_url":"https:\/\/autate.fr\/site\/la-depeche-financement-de-la-3e-ligne-de-metro-moudenc-va-interpeller-les-candidats\/","og_site_name":"AUTATE","article_publisher":"https:\/\/www.facebook.com\/AutateToulouse","article_published_time":"2017-02-19T17:49:37+00:00","article_modified_time":"2017-02-19T18:07:39+00:00","author":"pascalbarbier","twitter_card":"summary_large_image","twitter_creator":"@AutateToulouse","twitter_site":"@AutateToulouse","twitter_misc":{"\u00c9crit par":"pascalbarbier","Dur\u00e9e de lecture estim\u00e9e":"1 minute"},"schema":{"@context":"https:\/\/schema.org","@graph":[{"@type":"Article","@id":"https:\/\/autate.fr\/site\/la-depeche-financement-de-la-3e-ligne-de-metro-moudenc-va-interpeller-les-candidats\/#article","isPartOf":{"@id":"https:\/\/autate.fr\/site\/la-depeche-financement-de-la-3e-ligne-de-metro-moudenc-va-interpeller-les-candidats\/"},"author":{"name":"pascalbarbier","@id":"https:\/\/autate.fr\/site\/#\/schema\/person\/ae1ab8bdaa7b41d2a9b52d2557ce8254"},"headline":"[La D\u00e9p\u00eache] Financement de la 3e ligne de m\u00e9tro Moudenc va interpeller les candidats","datePublished":"2017-02-19T17:49:37+00:00","dateModified":"2017-02-19T18:07:39+00:00","mainEntityOfPage":{"@id":"https:\/\/autate.fr\/site\/la-depeche-financement-de-la-3e-ligne-de-metro-moudenc-va-interpeller-les-candidats\/"},"wordCount":204,"commentCount":0,"publisher":{"@id":"https:\/\/autate.fr\/site\/#organization"},"keywords":["3\u00e8me ligne de m\u00e9tro","Financement","JLMoudenc"],"articleSection":["M\u00e9tro","Revue de presse"],"inLanguage":"fr-FR","potentialAction":[{"@type":"CommentAction","name":"Comment","target":["https:\/\/autate.fr\/site\/la-depeche-financement-de-la-3e-ligne-de-metro-moudenc-va-interpeller-les-candidats\/#respond"]}]},{"@type":"WebPage","@id":"https:\/\/autate.fr\/site\/la-depeche-financement-de-la-3e-ligne-de-metro-moudenc-va-interpeller-les-candidats\/","url":"https:\/\/autate.fr\/site\/la-depeche-financement-de-la-3e-ligne-de-metro-moudenc-va-interpeller-les-candidats\/","name":"[La D\u00e9p\u00eache] Financement de la 3e ligne de m\u00e9tro Moudenc va interpeller les candidats - AUTATE","isPartOf":{"@id":"https:\/\/autate.fr\/site\/#website"},"datePublished":"2017-02-19T17:49:37+00:00","dateModified":"2017-02-19T18:07:39+00:00","breadcrumb":{"@id":"https:\/\/autate.fr\/site\/la-depeche-financement-de-la-3e-ligne-de-metro-moudenc-va-interpeller-les-candidats\/#breadcrumb"},"inLanguage":"fr-FR","potentialAction":[{"@type":"ReadAction","target":["https:\/\/autate.fr\/site\/la-depeche-financement-de-la-3e-ligne-de-metro-moudenc-va-interpeller-les-candidats\/"]}]},{"@type":"BreadcrumbList","@id":"https:\/\/autate.fr\/site\/la-depeche-financement-de-la-3e-ligne-de-metro-moudenc-va-interpeller-les-candidats\/#breadcrumb","itemListElement":[{"@type":"ListItem","position":1,"name":"Accueil","item":"https:\/\/autate.fr\/site\/"},{"@type":"ListItem","position":2,"name":"[La D\u00e9p\u00eache] Financement de la 3e ligne de m\u00e9tro Moudenc va interpeller les candidats"}]},{"@type":"WebSite","@id":"https:\/\/autate.fr\/site\/#website","url":"https:\/\/autate.fr\/site\/","name":"AUTATE","description":"Association des usagers des transports de l&#039;agglom\u00e9ration Toulousaine et de ses environs","publisher":{"@id":"https:\/\/autate.fr\/site\/#organization"},"potentialAction":[{"@type":"SearchAction","target":{"@type":"EntryPoint","urlTemplate":"https:\/\/autate.fr\/site\/?s={search_term_string}"},"query-input":{"@type":"PropertyValueSpecification","valueRequired":true,"valueName":"search_term_string"}}],"inLanguage":"fr-FR"},{"@type":"Organization","@id":"https:\/\/autate.fr\/site\/#organization","name":"AUTATE","url":"https:\/\/autate.fr\/site\/","logo":{"@type":"ImageObject","inLanguage":"fr-FR","@id":"https:\/\/autate.fr\/site\/#\/schema\/logo\/image\/","url":"http:\/\/autate.fr\/site\/wp-content\/uploads\/2019\/01\/logo.png","contentUrl":"http:\/\/autate.fr\/site\/wp-content\/uploads\/2019\/01\/logo.png","width":506,"height":280,"caption":"AUTATE"},"image":{"@id":"https:\/\/autate.fr\/site\/#\/schema\/logo\/image\/"},"sameAs":["https:\/\/www.facebook.com\/AutateToulouse","https:\/\/x.com\/AutateToulouse"]},{"@type":"Person","@id":"https:\/\/autate.fr\/site\/#\/schema\/person\/ae1ab8bdaa7b41d2a9b52d2557ce8254","name":"pascalbarbier","image":{"@type":"ImageObject","inLanguage":"fr-FR","@id":"https:\/\/secure.gravatar.com\/avatar\/03f4e8ced09894b72c67e83142540730d4b3bbf619bf46341b0074e3bf5f08a0?s=96&d=mm&r=g","url":"https:\/\/secure.gravatar.com\/avatar\/03f4e8ced09894b72c67e83142540730d4b3bbf619bf46341b0074e3bf5f08a0?s=96&d=mm&r=g","contentUrl":"https:\/\/secure.gravatar.com\/avatar\/03f4e8ced09894b72c67e83142540730d4b3bbf619bf46341b0074e3bf5f08a0?s=96&d=mm&r=g","caption":"pascalbarbier"},"url":"https:\/\/autate.fr\/site\/author\/pascalbarbier\/"}]}},"_links":{"self":[{"href":"https:\/\/autate.fr\/site\/wp-json\/wp\/v2\/posts\/1298","targetHints":{"allow":["GET"]}}],"collection":[{"href":"https:\/\/autate.fr\/site\/wp-json\/wp\/v2\/posts"}],"about":[{"href":"https:\/\/autate.fr\/site\/wp-json\/wp\/v2\/types\/post"}],"author":[{"embeddable":true,"href":"https:\/\/autate.fr\/site\/wp-json\/wp\/v2\/users\/1"}],"replies":[{"embeddable":true,"href":"https:\/\/autate.fr\/site\/wp-json\/wp\/v2\/comments?post=1298"}],"version-history":[{"count":1,"href":"https:\/\/autate.fr\/site\/wp-json\/wp\/v2\/posts\/1298\/revisions"}],"predecessor-version":[{"id":1299,"href":"https:\/\/autate.fr\/site\/wp-json\/wp\/v2\/posts\/1298\/revisions\/1299"}],"wp:attachment":[{"href":"https:\/\/autate.fr\/site\/wp-json\/wp\/v2\/media?parent=1298"}],"wp:term":[{"taxonomy":"category","embeddable":true,"href":"https:\/\/autate.fr\/site\/wp-json\/wp\/v2\/categories?post=1298"},{"taxonomy":"post_tag","embeddable":true,"href":"https:\/\/autate.fr\/site\/wp-json\/wp\/v2\/tags?post=1298"}],"curies":[{"name":"wp","href":"https:\/\/api.w.org\/{rel}","templated":true}]}}