{"id":1290,"date":"2017-02-16T13:17:10","date_gmt":"2017-02-16T12:17:10","guid":{"rendered":"http:\/\/autate.fr\/site\/?p=1290"},"modified":"2017-02-19T19:08:07","modified_gmt":"2017-02-19T18:08:07","slug":"compte-rendu-etabli-par-le-president-de-la-commission-particuliere-du-debat-public","status":"publish","type":"post","link":"https:\/\/autate.fr\/site\/compte-rendu-etabli-par-le-president-de-la-commission-particuliere-du-debat-public\/","title":{"rendered":"Compte-rendu \u00e9tabli par le Pr\u00e9sident de la Commission particuli\u00e8re du d\u00e9bat public"},"content":{"rendered":"<p><a href=\"https:\/\/metroligne3toulouse.debatpublic.fr\/sites\/debat.tae\/files\/documents\/m3t-compte_rendu_web_final-2.pdf\" target=\"_blank\"><strong>Pour lire le compte-rendu de 118 pages<\/strong> <\/a><\/p>\n<p>Nous vous recommandons la page 105 : \u00ab\u00a0<em>Dans ce contexte, la commission souhaite <strong>que soient \u00e9tudi\u00e9es avec un soin et une grande<\/strong> <strong>rigueur les solutions alternatives<\/strong> propos\u00e9es par le Collectif citoyen et par l\u2019Autate, notamment sous l\u2019angle de leurs co\u00fbts et de leurs impacts sur l\u2019ensemble des enjeux et du diagnostic \u00e9voqu\u00e9s en d\u00e9but de la 3\u00e8me partie du pr\u00e9sent rapport.<\/em><\/p>\n<p><em>Afin que la l\u00e9gitimit\u00e9 de la d\u00e9marche soit compl\u00e8te, il importe que ces alternatives soient soumises \u00e0 expertise dans la pr\u00e9sentation et la description qu\u2019en feront leurs initiateurs et avec leur concours.<\/em><\/p>\n<p><em>Le ma\u00eetre d\u2019ouvrage ne pourrait pas durablement rester sur la position qui consisterait \u00e0 contester leur repr\u00e9sentativit\u00e9, d\u2019autant que le d\u00e9bat a fait appara\u00eetre que ces groupements \u00e9taient aussi porteurs d\u2019interrogations partag\u00e9es dans le grand public.<\/em><\/p>\n<p><em><strong>Il serait d\u00e9licat<\/strong> que cette \u00e9valuation soit conduite sous la seule \u00e9gide du ma\u00eetre d\u2019ouvrage<\/em>.\u00a0\u00bb<\/p>\n<p>&nbsp;<\/p>\n<p><a href=\"https:\/\/autate.fr\/site\/wp-content\/uploads\/2017\/02\/page105.jpg\"><img loading=\"lazy\" decoding=\"async\" class=\"alignnone size-medium wp-image-1291\" src=\"https:\/\/autate.fr\/site\/wp-content\/uploads\/2017\/02\/page105-213x300.jpg\" alt=\"\" width=\"213\" height=\"300\" srcset=\"https:\/\/autate.fr\/site\/wp-content\/uploads\/2017\/02\/page105-213x300.jpg 213w, https:\/\/autate.fr\/site\/wp-content\/uploads\/2017\/02\/page105.jpg 439w\" sizes=\"auto, (max-width: 213px) 100vw, 213px\" \/><\/a><\/p>\n","protected":false},"excerpt":{"rendered":"<p>Pour lire le compte-rendu de 118 pages Nous vous recommandons la page 105 : \u00ab\u00a0Dans ce contexte, la commission souhaite que soient \u00e9tudi\u00e9es avec un soin et une grande rigueur les solutions alternatives propos\u00e9es par le Collectif citoyen et par l\u2019Autate, notamment sous l\u2019angle de leurs co\u00fbts et de leurs impacts sur l\u2019ensemble des enjeux<\/p>\n<p class=\"more-link\"><a href=\"https:\/\/autate.fr\/site\/compte-rendu-etabli-par-le-president-de-la-commission-particuliere-du-debat-public\/\" class=\"themebutton2\">VOIR PLUS<\/a><\/p>\n","protected":false},"author":1,"featured_media":0,"comment_status":"open","ping_status":"open","sticky":false,"template":"","format":"standard","meta":{"footnotes":""},"categories":[265],"tags":[237,173,224,86,203,93,46],"class_list":["post-1290","post","type-post","status-publish","format-standard","hentry","category-contribution-au-debat-public-3eme-ligne","tag-3eme-ligne-de-metro","tag-cndp","tag-debat-public","tag-pdu","tag-plan-mobilites","tag-smtc","tag-tisseo"],"yoast_head":"<!-- This site is optimized with the Yoast SEO plugin v27.4 - https:\/\/yoast.com\/product\/yoast-seo-wordpress\/ -->\n<title>Compte-rendu \u00e9tabli par le Pr\u00e9sident de la Commission particuli\u00e8re du d\u00e9bat public - AUTATE<\/title>\n<meta name=\"robots\" content=\"index, follow, max-snippet:-1, max-image-preview:large, max-video-preview:-1\" \/>\n<link rel=\"canonical\" href=\"https:\/\/autate.fr\/site\/compte-rendu-etabli-par-le-president-de-la-commission-particuliere-du-debat-public\/\" \/>\n<meta property=\"og:locale\" content=\"fr_FR\" \/>\n<meta property=\"og:type\" content=\"article\" \/>\n<meta property=\"og:title\" content=\"Compte-rendu \u00e9tabli par le Pr\u00e9sident de la Commission particuli\u00e8re du d\u00e9bat public - AUTATE\" \/>\n<meta property=\"og:description\" content=\"Pour lire le compte-rendu de 118 pages Nous vous recommandons la page 105 : \u00ab\u00a0Dans ce contexte, la commission souhaite que soient \u00e9tudi\u00e9es avec un soin et une grande rigueur les solutions alternatives propos\u00e9es par le Collectif citoyen et par l\u2019Autate, notamment sous l\u2019angle de leurs co\u00fbts et de leurs impacts sur l\u2019ensemble des enjeuxVOIR PLUS\" \/>\n<meta property=\"og:url\" content=\"https:\/\/autate.fr\/site\/compte-rendu-etabli-par-le-president-de-la-commission-particuliere-du-debat-public\/\" \/>\n<meta property=\"og:site_name\" content=\"AUTATE\" \/>\n<meta property=\"article:publisher\" content=\"https:\/\/www.facebook.com\/AutateToulouse\" \/>\n<meta property=\"article:published_time\" content=\"2017-02-16T12:17:10+00:00\" \/>\n<meta property=\"article:modified_time\" content=\"2017-02-19T18:08:07+00:00\" \/>\n<meta property=\"og:image\" content=\"http:\/\/autate.fr\/site\/wp-content\/uploads\/2017\/02\/page105-213x300.jpg\" \/>\n<meta name=\"author\" content=\"pascalbarbier\" \/>\n<meta name=\"twitter:card\" content=\"summary_large_image\" \/>\n<meta name=\"twitter:creator\" content=\"@AutateToulouse\" \/>\n<meta name=\"twitter:site\" content=\"@AutateToulouse\" \/>\n<meta name=\"twitter:label1\" content=\"\u00c9crit par\" \/>\n\t<meta name=\"twitter:data1\" content=\"pascalbarbier\" \/>\n\t<meta name=\"twitter:label2\" content=\"Dur\u00e9e de lecture estim\u00e9e\" \/>\n\t<meta name=\"twitter:data2\" content=\"1 minute\" \/>\n<script type=\"application\/ld+json\" class=\"yoast-schema-graph\">{\"@context\":\"https:\\\/\\\/schema.org\",\"@graph\":[{\"@type\":\"Article\",\"@id\":\"https:\\\/\\\/autate.fr\\\/site\\\/compte-rendu-etabli-par-le-president-de-la-commission-particuliere-du-debat-public\\\/#article\",\"isPartOf\":{\"@id\":\"https:\\\/\\\/autate.fr\\\/site\\\/compte-rendu-etabli-par-le-president-de-la-commission-particuliere-du-debat-public\\\/\"},\"author\":{\"name\":\"pascalbarbier\",\"@id\":\"https:\\\/\\\/autate.fr\\\/site\\\/#\\\/schema\\\/person\\\/ae1ab8bdaa7b41d2a9b52d2557ce8254\"},\"headline\":\"Compte-rendu \u00e9tabli par le Pr\u00e9sident de la Commission particuli\u00e8re du d\u00e9bat public\",\"datePublished\":\"2017-02-16T12:17:10+00:00\",\"dateModified\":\"2017-02-19T18:08:07+00:00\",\"mainEntityOfPage\":{\"@id\":\"https:\\\/\\\/autate.fr\\\/site\\\/compte-rendu-etabli-par-le-president-de-la-commission-particuliere-du-debat-public\\\/\"},\"wordCount\":187,\"commentCount\":0,\"publisher\":{\"@id\":\"https:\\\/\\\/autate.fr\\\/site\\\/#organization\"},\"image\":{\"@id\":\"https:\\\/\\\/autate.fr\\\/site\\\/compte-rendu-etabli-par-le-president-de-la-commission-particuliere-du-debat-public\\\/#primaryimage\"},\"thumbnailUrl\":\"http:\\\/\\\/autate.fr\\\/site\\\/wp-content\\\/uploads\\\/2017\\\/02\\\/page105-213x300.jpg\",\"keywords\":[\"3\u00e8me ligne de m\u00e9tro\",\"CNDP\",\"d\u00e9bat public\",\"PDU\",\"plan mobilit\u00e9s\",\"SMTC\",\"Tiss\u00e9o\"],\"articleSection\":[\"M\u00e9tro\"],\"inLanguage\":\"fr-FR\",\"potentialAction\":[{\"@type\":\"CommentAction\",\"name\":\"Comment\",\"target\":[\"https:\\\/\\\/autate.fr\\\/site\\\/compte-rendu-etabli-par-le-president-de-la-commission-particuliere-du-debat-public\\\/#respond\"]}]},{\"@type\":\"WebPage\",\"@id\":\"https:\\\/\\\/autate.fr\\\/site\\\/compte-rendu-etabli-par-le-president-de-la-commission-particuliere-du-debat-public\\\/\",\"url\":\"https:\\\/\\\/autate.fr\\\/site\\\/compte-rendu-etabli-par-le-president-de-la-commission-particuliere-du-debat-public\\\/\",\"name\":\"Compte-rendu \u00e9tabli par le Pr\u00e9sident de la Commission particuli\u00e8re du d\u00e9bat public - AUTATE\",\"isPartOf\":{\"@id\":\"https:\\\/\\\/autate.fr\\\/site\\\/#website\"},\"primaryImageOfPage\":{\"@id\":\"https:\\\/\\\/autate.fr\\\/site\\\/compte-rendu-etabli-par-le-president-de-la-commission-particuliere-du-debat-public\\\/#primaryimage\"},\"image\":{\"@id\":\"https:\\\/\\\/autate.fr\\\/site\\\/compte-rendu-etabli-par-le-president-de-la-commission-particuliere-du-debat-public\\\/#primaryimage\"},\"thumbnailUrl\":\"http:\\\/\\\/autate.fr\\\/site\\\/wp-content\\\/uploads\\\/2017\\\/02\\\/page105-213x300.jpg\",\"datePublished\":\"2017-02-16T12:17:10+00:00\",\"dateModified\":\"2017-02-19T18:08:07+00:00\",\"breadcrumb\":{\"@id\":\"https:\\\/\\\/autate.fr\\\/site\\\/compte-rendu-etabli-par-le-president-de-la-commission-particuliere-du-debat-public\\\/#breadcrumb\"},\"inLanguage\":\"fr-FR\",\"potentialAction\":[{\"@type\":\"ReadAction\",\"target\":[\"https:\\\/\\\/autate.fr\\\/site\\\/compte-rendu-etabli-par-le-president-de-la-commission-particuliere-du-debat-public\\\/\"]}]},{\"@type\":\"ImageObject\",\"inLanguage\":\"fr-FR\",\"@id\":\"https:\\\/\\\/autate.fr\\\/site\\\/compte-rendu-etabli-par-le-president-de-la-commission-particuliere-du-debat-public\\\/#primaryimage\",\"url\":\"https:\\\/\\\/autate.fr\\\/site\\\/wp-content\\\/uploads\\\/2017\\\/02\\\/page105.jpg\",\"contentUrl\":\"https:\\\/\\\/autate.fr\\\/site\\\/wp-content\\\/uploads\\\/2017\\\/02\\\/page105.jpg\",\"width\":439,\"height\":619},{\"@type\":\"BreadcrumbList\",\"@id\":\"https:\\\/\\\/autate.fr\\\/site\\\/compte-rendu-etabli-par-le-president-de-la-commission-particuliere-du-debat-public\\\/#breadcrumb\",\"itemListElement\":[{\"@type\":\"ListItem\",\"position\":1,\"name\":\"Accueil\",\"item\":\"https:\\\/\\\/autate.fr\\\/site\\\/\"},{\"@type\":\"ListItem\",\"position\":2,\"name\":\"Compte-rendu \u00e9tabli par le Pr\u00e9sident de la Commission particuli\u00e8re du d\u00e9bat public\"}]},{\"@type\":\"WebSite\",\"@id\":\"https:\\\/\\\/autate.fr\\\/site\\\/#website\",\"url\":\"https:\\\/\\\/autate.fr\\\/site\\\/\",\"name\":\"AUTATE\",\"description\":\"Association des usagers des transports de l&#039;agglom\u00e9ration Toulousaine et de ses environs\",\"publisher\":{\"@id\":\"https:\\\/\\\/autate.fr\\\/site\\\/#organization\"},\"potentialAction\":[{\"@type\":\"SearchAction\",\"target\":{\"@type\":\"EntryPoint\",\"urlTemplate\":\"https:\\\/\\\/autate.fr\\\/site\\\/?s={search_term_string}\"},\"query-input\":{\"@type\":\"PropertyValueSpecification\",\"valueRequired\":true,\"valueName\":\"search_term_string\"}}],\"inLanguage\":\"fr-FR\"},{\"@type\":\"Organization\",\"@id\":\"https:\\\/\\\/autate.fr\\\/site\\\/#organization\",\"name\":\"AUTATE\",\"url\":\"https:\\\/\\\/autate.fr\\\/site\\\/\",\"logo\":{\"@type\":\"ImageObject\",\"inLanguage\":\"fr-FR\",\"@id\":\"https:\\\/\\\/autate.fr\\\/site\\\/#\\\/schema\\\/logo\\\/image\\\/\",\"url\":\"http:\\\/\\\/autate.fr\\\/site\\\/wp-content\\\/uploads\\\/2019\\\/01\\\/logo.png\",\"contentUrl\":\"http:\\\/\\\/autate.fr\\\/site\\\/wp-content\\\/uploads\\\/2019\\\/01\\\/logo.png\",\"width\":506,\"height\":280,\"caption\":\"AUTATE\"},\"image\":{\"@id\":\"https:\\\/\\\/autate.fr\\\/site\\\/#\\\/schema\\\/logo\\\/image\\\/\"},\"sameAs\":[\"https:\\\/\\\/www.facebook.com\\\/AutateToulouse\",\"https:\\\/\\\/x.com\\\/AutateToulouse\"]},{\"@type\":\"Person\",\"@id\":\"https:\\\/\\\/autate.fr\\\/site\\\/#\\\/schema\\\/person\\\/ae1ab8bdaa7b41d2a9b52d2557ce8254\",\"name\":\"pascalbarbier\",\"image\":{\"@type\":\"ImageObject\",\"inLanguage\":\"fr-FR\",\"@id\":\"https:\\\/\\\/secure.gravatar.com\\\/avatar\\\/03f4e8ced09894b72c67e83142540730d4b3bbf619bf46341b0074e3bf5f08a0?s=96&d=mm&r=g\",\"url\":\"https:\\\/\\\/secure.gravatar.com\\\/avatar\\\/03f4e8ced09894b72c67e83142540730d4b3bbf619bf46341b0074e3bf5f08a0?s=96&d=mm&r=g\",\"contentUrl\":\"https:\\\/\\\/secure.gravatar.com\\\/avatar\\\/03f4e8ced09894b72c67e83142540730d4b3bbf619bf46341b0074e3bf5f08a0?s=96&d=mm&r=g\",\"caption\":\"pascalbarbier\"},\"url\":\"https:\\\/\\\/autate.fr\\\/site\\\/author\\\/pascalbarbier\\\/\"}]}<\/script>\n<!-- \/ Yoast SEO plugin. -->","yoast_head_json":{"title":"Compte-rendu \u00e9tabli par le Pr\u00e9sident de la Commission particuli\u00e8re du d\u00e9bat public - AUTATE","robots":{"index":"index","follow":"follow","max-snippet":"max-snippet:-1","max-image-preview":"max-image-preview:large","max-video-preview":"max-video-preview:-1"},"canonical":"https:\/\/autate.fr\/site\/compte-rendu-etabli-par-le-president-de-la-commission-particuliere-du-debat-public\/","og_locale":"fr_FR","og_type":"article","og_title":"Compte-rendu \u00e9tabli par le Pr\u00e9sident de la Commission particuli\u00e8re du d\u00e9bat public - AUTATE","og_description":"Pour lire le compte-rendu de 118 pages Nous vous recommandons la page 105 : \u00ab\u00a0Dans ce contexte, la commission souhaite que soient \u00e9tudi\u00e9es avec un soin et une grande rigueur les solutions alternatives propos\u00e9es par le Collectif citoyen et par l\u2019Autate, notamment sous l\u2019angle de leurs co\u00fbts et de leurs impacts sur l\u2019ensemble des enjeuxVOIR PLUS","og_url":"https:\/\/autate.fr\/site\/compte-rendu-etabli-par-le-president-de-la-commission-particuliere-du-debat-public\/","og_site_name":"AUTATE","article_publisher":"https:\/\/www.facebook.com\/AutateToulouse","article_published_time":"2017-02-16T12:17:10+00:00","article_modified_time":"2017-02-19T18:08:07+00:00","og_image":[{"url":"http:\/\/autate.fr\/site\/wp-content\/uploads\/2017\/02\/page105-213x300.jpg","type":"","width":"","height":""}],"author":"pascalbarbier","twitter_card":"summary_large_image","twitter_creator":"@AutateToulouse","twitter_site":"@AutateToulouse","twitter_misc":{"\u00c9crit par":"pascalbarbier","Dur\u00e9e de lecture estim\u00e9e":"1 minute"},"schema":{"@context":"https:\/\/schema.org","@graph":[{"@type":"Article","@id":"https:\/\/autate.fr\/site\/compte-rendu-etabli-par-le-president-de-la-commission-particuliere-du-debat-public\/#article","isPartOf":{"@id":"https:\/\/autate.fr\/site\/compte-rendu-etabli-par-le-president-de-la-commission-particuliere-du-debat-public\/"},"author":{"name":"pascalbarbier","@id":"https:\/\/autate.fr\/site\/#\/schema\/person\/ae1ab8bdaa7b41d2a9b52d2557ce8254"},"headline":"Compte-rendu \u00e9tabli par le Pr\u00e9sident de la Commission particuli\u00e8re du d\u00e9bat public","datePublished":"2017-02-16T12:17:10+00:00","dateModified":"2017-02-19T18:08:07+00:00","mainEntityOfPage":{"@id":"https:\/\/autate.fr\/site\/compte-rendu-etabli-par-le-president-de-la-commission-particuliere-du-debat-public\/"},"wordCount":187,"commentCount":0,"publisher":{"@id":"https:\/\/autate.fr\/site\/#organization"},"image":{"@id":"https:\/\/autate.fr\/site\/compte-rendu-etabli-par-le-president-de-la-commission-particuliere-du-debat-public\/#primaryimage"},"thumbnailUrl":"http:\/\/autate.fr\/site\/wp-content\/uploads\/2017\/02\/page105-213x300.jpg","keywords":["3\u00e8me ligne de m\u00e9tro","CNDP","d\u00e9bat public","PDU","plan mobilit\u00e9s","SMTC","Tiss\u00e9o"],"articleSection":["M\u00e9tro"],"inLanguage":"fr-FR","potentialAction":[{"@type":"CommentAction","name":"Comment","target":["https:\/\/autate.fr\/site\/compte-rendu-etabli-par-le-president-de-la-commission-particuliere-du-debat-public\/#respond"]}]},{"@type":"WebPage","@id":"https:\/\/autate.fr\/site\/compte-rendu-etabli-par-le-president-de-la-commission-particuliere-du-debat-public\/","url":"https:\/\/autate.fr\/site\/compte-rendu-etabli-par-le-president-de-la-commission-particuliere-du-debat-public\/","name":"Compte-rendu \u00e9tabli par le Pr\u00e9sident de la Commission particuli\u00e8re du d\u00e9bat public - AUTATE","isPartOf":{"@id":"https:\/\/autate.fr\/site\/#website"},"primaryImageOfPage":{"@id":"https:\/\/autate.fr\/site\/compte-rendu-etabli-par-le-president-de-la-commission-particuliere-du-debat-public\/#primaryimage"},"image":{"@id":"https:\/\/autate.fr\/site\/compte-rendu-etabli-par-le-president-de-la-commission-particuliere-du-debat-public\/#primaryimage"},"thumbnailUrl":"http:\/\/autate.fr\/site\/wp-content\/uploads\/2017\/02\/page105-213x300.jpg","datePublished":"2017-02-16T12:17:10+00:00","dateModified":"2017-02-19T18:08:07+00:00","breadcrumb":{"@id":"https:\/\/autate.fr\/site\/compte-rendu-etabli-par-le-president-de-la-commission-particuliere-du-debat-public\/#breadcrumb"},"inLanguage":"fr-FR","potentialAction":[{"@type":"ReadAction","target":["https:\/\/autate.fr\/site\/compte-rendu-etabli-par-le-president-de-la-commission-particuliere-du-debat-public\/"]}]},{"@type":"ImageObject","inLanguage":"fr-FR","@id":"https:\/\/autate.fr\/site\/compte-rendu-etabli-par-le-president-de-la-commission-particuliere-du-debat-public\/#primaryimage","url":"https:\/\/autate.fr\/site\/wp-content\/uploads\/2017\/02\/page105.jpg","contentUrl":"https:\/\/autate.fr\/site\/wp-content\/uploads\/2017\/02\/page105.jpg","width":439,"height":619},{"@type":"BreadcrumbList","@id":"https:\/\/autate.fr\/site\/compte-rendu-etabli-par-le-president-de-la-commission-particuliere-du-debat-public\/#breadcrumb","itemListElement":[{"@type":"ListItem","position":1,"name":"Accueil","item":"https:\/\/autate.fr\/site\/"},{"@type":"ListItem","position":2,"name":"Compte-rendu \u00e9tabli par le Pr\u00e9sident de la Commission particuli\u00e8re du d\u00e9bat public"}]},{"@type":"WebSite","@id":"https:\/\/autate.fr\/site\/#website","url":"https:\/\/autate.fr\/site\/","name":"AUTATE","description":"Association des usagers des transports de l&#039;agglom\u00e9ration Toulousaine et de ses environs","publisher":{"@id":"https:\/\/autate.fr\/site\/#organization"},"potentialAction":[{"@type":"SearchAction","target":{"@type":"EntryPoint","urlTemplate":"https:\/\/autate.fr\/site\/?s={search_term_string}"},"query-input":{"@type":"PropertyValueSpecification","valueRequired":true,"valueName":"search_term_string"}}],"inLanguage":"fr-FR"},{"@type":"Organization","@id":"https:\/\/autate.fr\/site\/#organization","name":"AUTATE","url":"https:\/\/autate.fr\/site\/","logo":{"@type":"ImageObject","inLanguage":"fr-FR","@id":"https:\/\/autate.fr\/site\/#\/schema\/logo\/image\/","url":"http:\/\/autate.fr\/site\/wp-content\/uploads\/2019\/01\/logo.png","contentUrl":"http:\/\/autate.fr\/site\/wp-content\/uploads\/2019\/01\/logo.png","width":506,"height":280,"caption":"AUTATE"},"image":{"@id":"https:\/\/autate.fr\/site\/#\/schema\/logo\/image\/"},"sameAs":["https:\/\/www.facebook.com\/AutateToulouse","https:\/\/x.com\/AutateToulouse"]},{"@type":"Person","@id":"https:\/\/autate.fr\/site\/#\/schema\/person\/ae1ab8bdaa7b41d2a9b52d2557ce8254","name":"pascalbarbier","image":{"@type":"ImageObject","inLanguage":"fr-FR","@id":"https:\/\/secure.gravatar.com\/avatar\/03f4e8ced09894b72c67e83142540730d4b3bbf619bf46341b0074e3bf5f08a0?s=96&d=mm&r=g","url":"https:\/\/secure.gravatar.com\/avatar\/03f4e8ced09894b72c67e83142540730d4b3bbf619bf46341b0074e3bf5f08a0?s=96&d=mm&r=g","contentUrl":"https:\/\/secure.gravatar.com\/avatar\/03f4e8ced09894b72c67e83142540730d4b3bbf619bf46341b0074e3bf5f08a0?s=96&d=mm&r=g","caption":"pascalbarbier"},"url":"https:\/\/autate.fr\/site\/author\/pascalbarbier\/"}]}},"_links":{"self":[{"href":"https:\/\/autate.fr\/site\/wp-json\/wp\/v2\/posts\/1290","targetHints":{"allow":["GET"]}}],"collection":[{"href":"https:\/\/autate.fr\/site\/wp-json\/wp\/v2\/posts"}],"about":[{"href":"https:\/\/autate.fr\/site\/wp-json\/wp\/v2\/types\/post"}],"author":[{"embeddable":true,"href":"https:\/\/autate.fr\/site\/wp-json\/wp\/v2\/users\/1"}],"replies":[{"embeddable":true,"href":"https:\/\/autate.fr\/site\/wp-json\/wp\/v2\/comments?post=1290"}],"version-history":[{"count":3,"href":"https:\/\/autate.fr\/site\/wp-json\/wp\/v2\/posts\/1290\/revisions"}],"predecessor-version":[{"id":1296,"href":"https:\/\/autate.fr\/site\/wp-json\/wp\/v2\/posts\/1290\/revisions\/1296"}],"wp:attachment":[{"href":"https:\/\/autate.fr\/site\/wp-json\/wp\/v2\/media?parent=1290"}],"wp:term":[{"taxonomy":"category","embeddable":true,"href":"https:\/\/autate.fr\/site\/wp-json\/wp\/v2\/categories?post=1290"},{"taxonomy":"post_tag","embeddable":true,"href":"https:\/\/autate.fr\/site\/wp-json\/wp\/v2\/tags?post=1290"}],"curies":[{"name":"wp","href":"https:\/\/api.w.org\/{rel}","templated":true}]}}