{"id":1252,"date":"2017-01-28T17:17:07","date_gmt":"2017-01-28T16:17:07","guid":{"rendered":"http:\/\/autate.fr\/site\/?p=1252"},"modified":"2017-01-30T17:19:17","modified_gmt":"2017-01-30T16:19:17","slug":"la-depeche-transports-en-commun-le-harcelement-sexiste-est-sous-estime","status":"publish","type":"post","link":"https:\/\/autate.fr\/site\/la-depeche-transports-en-commun-le-harcelement-sexiste-est-sous-estime\/","title":{"rendered":"[La D\u00e9p\u00eache] Transports en commun : \u00abLe harc\u00e8lement sexiste est sous-estim\u00e9\u00bb"},"content":{"rendered":"<p>Un article de Silvana Grasso paru le 29\/01\/2017<\/p>\n<p>Le probl\u00e8me du harc\u00e8lement sexiste est devenu une r\u00e9elle question de soci\u00e9t\u00e9. Pourtant, il y en a encore pour \u00abbanaliser\u00bb le ph\u00e9nom\u00e8ne voire parfois d\u00e9celer dans les r\u00e9flexions d\u00e9plac\u00e9es, une forme de compliment. Hier, \u00e0 l&rsquo;appel de la Ligue des Droits de l&rsquo;Homme, l&rsquo;association des usagers de transports de l&rsquo;agglom\u00e9ration toulousaine, (Autate) a distribu\u00e9 des tracts \u00e0 la station Ar\u00e8nes pour dire \u00abStop au harc\u00e8lement sexiste et aux violences sexuelles\u00bb dans les transports en commun. \u00abAvec le chiffre de 100 % des utilisatrices des transports en communs victimes au moins une fois dans leur vie de harc\u00e8lement sexiste ou de violences sexuelles, comme l&rsquo;a r\u00e9v\u00e9l\u00e9 le Haut-Conseil \u00e0 l&rsquo;Egalit\u00e9 Hommes-Femmes, le sujet ne doit plus \u00eatre banalis\u00e9, avance Philippe Lebailly, de la Ligue des Droits de l&rsquo;Homme. M\u00eame si seulement 2 % des femmes osent porter plainte\u00bb.<\/p>\n<h2>275 incidents, 37 cas av\u00e9r\u00e9s<\/h2>\n<p><strong><a href=\"http:\/\/www.ladepeche.fr\/article\/2017\/01\/29\/2506587-transports-en-commun-le-harcelement-sexiste-est-sous-estime.html\" target=\"_blank\">lire la suite<\/a><\/strong><\/p>\n","protected":false},"excerpt":{"rendered":"<p>Un article de Silvana Grasso paru le 29\/01\/2017 Le probl\u00e8me du harc\u00e8lement sexiste est devenu une r\u00e9elle question de soci\u00e9t\u00e9. Pourtant, il y en a encore pour \u00abbanaliser\u00bb le ph\u00e9nom\u00e8ne voire parfois d\u00e9celer dans les r\u00e9flexions d\u00e9plac\u00e9es, une forme de compliment. Hier, \u00e0 l&rsquo;appel de la Ligue des Droits de l&rsquo;Homme, l&rsquo;association des usagers de<\/p>\n<p class=\"more-link\"><a href=\"https:\/\/autate.fr\/site\/la-depeche-transports-en-commun-le-harcelement-sexiste-est-sous-estime\/\" class=\"themebutton2\">VOIR PLUS<\/a><\/p>\n","protected":false},"author":1,"featured_media":0,"comment_status":"open","ping_status":"open","sticky":false,"template":"","format":"standard","meta":{"footnotes":""},"categories":[7],"tags":[269],"class_list":["post-1252","post","type-post","status-publish","format-standard","hentry","category-revue-de-presse","tag-harcelement"],"yoast_head":"<!-- This site is optimized with the Yoast SEO plugin v27.4 - https:\/\/yoast.com\/product\/yoast-seo-wordpress\/ -->\n<title>[La D\u00e9p\u00eache] Transports en commun : \u00abLe harc\u00e8lement sexiste est sous-estim\u00e9\u00bb - AUTATE<\/title>\n<meta name=\"robots\" content=\"index, follow, max-snippet:-1, max-image-preview:large, max-video-preview:-1\" \/>\n<link rel=\"canonical\" href=\"https:\/\/autate.fr\/site\/la-depeche-transports-en-commun-le-harcelement-sexiste-est-sous-estime\/\" \/>\n<meta property=\"og:locale\" content=\"fr_FR\" \/>\n<meta property=\"og:type\" content=\"article\" \/>\n<meta property=\"og:title\" content=\"[La D\u00e9p\u00eache] Transports en commun : \u00abLe harc\u00e8lement sexiste est sous-estim\u00e9\u00bb - AUTATE\" \/>\n<meta property=\"og:description\" content=\"Un article de Silvana Grasso paru le 29\/01\/2017 Le probl\u00e8me du harc\u00e8lement sexiste est devenu une r\u00e9elle question de soci\u00e9t\u00e9. Pourtant, il y en a encore pour \u00abbanaliser\u00bb le ph\u00e9nom\u00e8ne voire parfois d\u00e9celer dans les r\u00e9flexions d\u00e9plac\u00e9es, une forme de compliment. Hier, \u00e0 l&rsquo;appel de la Ligue des Droits de l&rsquo;Homme, l&rsquo;association des usagers deVOIR PLUS\" \/>\n<meta property=\"og:url\" content=\"https:\/\/autate.fr\/site\/la-depeche-transports-en-commun-le-harcelement-sexiste-est-sous-estime\/\" \/>\n<meta property=\"og:site_name\" content=\"AUTATE\" \/>\n<meta property=\"article:publisher\" content=\"https:\/\/www.facebook.com\/AutateToulouse\" \/>\n<meta property=\"article:published_time\" content=\"2017-01-28T16:17:07+00:00\" \/>\n<meta property=\"article:modified_time\" content=\"2017-01-30T16:19:17+00:00\" \/>\n<meta name=\"author\" content=\"pascalbarbier\" \/>\n<meta name=\"twitter:card\" content=\"summary_large_image\" \/>\n<meta name=\"twitter:creator\" content=\"@AutateToulouse\" \/>\n<meta name=\"twitter:site\" content=\"@AutateToulouse\" \/>\n<meta name=\"twitter:label1\" content=\"\u00c9crit par\" \/>\n\t<meta name=\"twitter:data1\" content=\"pascalbarbier\" \/>\n\t<meta name=\"twitter:label2\" content=\"Dur\u00e9e de lecture estim\u00e9e\" \/>\n\t<meta name=\"twitter:data2\" content=\"1 minute\" \/>\n<script type=\"application\/ld+json\" class=\"yoast-schema-graph\">{\"@context\":\"https:\\\/\\\/schema.org\",\"@graph\":[{\"@type\":\"Article\",\"@id\":\"https:\\\/\\\/autate.fr\\\/site\\\/la-depeche-transports-en-commun-le-harcelement-sexiste-est-sous-estime\\\/#article\",\"isPartOf\":{\"@id\":\"https:\\\/\\\/autate.fr\\\/site\\\/la-depeche-transports-en-commun-le-harcelement-sexiste-est-sous-estime\\\/\"},\"author\":{\"name\":\"pascalbarbier\",\"@id\":\"https:\\\/\\\/autate.fr\\\/site\\\/#\\\/schema\\\/person\\\/ae1ab8bdaa7b41d2a9b52d2557ce8254\"},\"headline\":\"[La D\u00e9p\u00eache] Transports en commun : \u00abLe harc\u00e8lement sexiste est sous-estim\u00e9\u00bb\",\"datePublished\":\"2017-01-28T16:17:07+00:00\",\"dateModified\":\"2017-01-30T16:19:17+00:00\",\"mainEntityOfPage\":{\"@id\":\"https:\\\/\\\/autate.fr\\\/site\\\/la-depeche-transports-en-commun-le-harcelement-sexiste-est-sous-estime\\\/\"},\"wordCount\":175,\"commentCount\":0,\"publisher\":{\"@id\":\"https:\\\/\\\/autate.fr\\\/site\\\/#organization\"},\"keywords\":[\"harc\u00e8lement\"],\"articleSection\":[\"Revue de presse\"],\"inLanguage\":\"fr-FR\",\"potentialAction\":[{\"@type\":\"CommentAction\",\"name\":\"Comment\",\"target\":[\"https:\\\/\\\/autate.fr\\\/site\\\/la-depeche-transports-en-commun-le-harcelement-sexiste-est-sous-estime\\\/#respond\"]}]},{\"@type\":\"WebPage\",\"@id\":\"https:\\\/\\\/autate.fr\\\/site\\\/la-depeche-transports-en-commun-le-harcelement-sexiste-est-sous-estime\\\/\",\"url\":\"https:\\\/\\\/autate.fr\\\/site\\\/la-depeche-transports-en-commun-le-harcelement-sexiste-est-sous-estime\\\/\",\"name\":\"[La D\u00e9p\u00eache] Transports en commun : \u00abLe harc\u00e8lement sexiste est sous-estim\u00e9\u00bb - AUTATE\",\"isPartOf\":{\"@id\":\"https:\\\/\\\/autate.fr\\\/site\\\/#website\"},\"datePublished\":\"2017-01-28T16:17:07+00:00\",\"dateModified\":\"2017-01-30T16:19:17+00:00\",\"breadcrumb\":{\"@id\":\"https:\\\/\\\/autate.fr\\\/site\\\/la-depeche-transports-en-commun-le-harcelement-sexiste-est-sous-estime\\\/#breadcrumb\"},\"inLanguage\":\"fr-FR\",\"potentialAction\":[{\"@type\":\"ReadAction\",\"target\":[\"https:\\\/\\\/autate.fr\\\/site\\\/la-depeche-transports-en-commun-le-harcelement-sexiste-est-sous-estime\\\/\"]}]},{\"@type\":\"BreadcrumbList\",\"@id\":\"https:\\\/\\\/autate.fr\\\/site\\\/la-depeche-transports-en-commun-le-harcelement-sexiste-est-sous-estime\\\/#breadcrumb\",\"itemListElement\":[{\"@type\":\"ListItem\",\"position\":1,\"name\":\"Accueil\",\"item\":\"https:\\\/\\\/autate.fr\\\/site\\\/\"},{\"@type\":\"ListItem\",\"position\":2,\"name\":\"[La D\u00e9p\u00eache] Transports en commun : \u00abLe harc\u00e8lement sexiste est sous-estim\u00e9\u00bb\"}]},{\"@type\":\"WebSite\",\"@id\":\"https:\\\/\\\/autate.fr\\\/site\\\/#website\",\"url\":\"https:\\\/\\\/autate.fr\\\/site\\\/\",\"name\":\"AUTATE\",\"description\":\"Association des usagers des transports de l&#039;agglom\u00e9ration Toulousaine et de ses environs\",\"publisher\":{\"@id\":\"https:\\\/\\\/autate.fr\\\/site\\\/#organization\"},\"potentialAction\":[{\"@type\":\"SearchAction\",\"target\":{\"@type\":\"EntryPoint\",\"urlTemplate\":\"https:\\\/\\\/autate.fr\\\/site\\\/?s={search_term_string}\"},\"query-input\":{\"@type\":\"PropertyValueSpecification\",\"valueRequired\":true,\"valueName\":\"search_term_string\"}}],\"inLanguage\":\"fr-FR\"},{\"@type\":\"Organization\",\"@id\":\"https:\\\/\\\/autate.fr\\\/site\\\/#organization\",\"name\":\"AUTATE\",\"url\":\"https:\\\/\\\/autate.fr\\\/site\\\/\",\"logo\":{\"@type\":\"ImageObject\",\"inLanguage\":\"fr-FR\",\"@id\":\"https:\\\/\\\/autate.fr\\\/site\\\/#\\\/schema\\\/logo\\\/image\\\/\",\"url\":\"http:\\\/\\\/autate.fr\\\/site\\\/wp-content\\\/uploads\\\/2019\\\/01\\\/logo.png\",\"contentUrl\":\"http:\\\/\\\/autate.fr\\\/site\\\/wp-content\\\/uploads\\\/2019\\\/01\\\/logo.png\",\"width\":506,\"height\":280,\"caption\":\"AUTATE\"},\"image\":{\"@id\":\"https:\\\/\\\/autate.fr\\\/site\\\/#\\\/schema\\\/logo\\\/image\\\/\"},\"sameAs\":[\"https:\\\/\\\/www.facebook.com\\\/AutateToulouse\",\"https:\\\/\\\/x.com\\\/AutateToulouse\"]},{\"@type\":\"Person\",\"@id\":\"https:\\\/\\\/autate.fr\\\/site\\\/#\\\/schema\\\/person\\\/ae1ab8bdaa7b41d2a9b52d2557ce8254\",\"name\":\"pascalbarbier\",\"image\":{\"@type\":\"ImageObject\",\"inLanguage\":\"fr-FR\",\"@id\":\"https:\\\/\\\/secure.gravatar.com\\\/avatar\\\/03f4e8ced09894b72c67e83142540730d4b3bbf619bf46341b0074e3bf5f08a0?s=96&d=mm&r=g\",\"url\":\"https:\\\/\\\/secure.gravatar.com\\\/avatar\\\/03f4e8ced09894b72c67e83142540730d4b3bbf619bf46341b0074e3bf5f08a0?s=96&d=mm&r=g\",\"contentUrl\":\"https:\\\/\\\/secure.gravatar.com\\\/avatar\\\/03f4e8ced09894b72c67e83142540730d4b3bbf619bf46341b0074e3bf5f08a0?s=96&d=mm&r=g\",\"caption\":\"pascalbarbier\"},\"url\":\"https:\\\/\\\/autate.fr\\\/site\\\/author\\\/pascalbarbier\\\/\"}]}<\/script>\n<!-- \/ Yoast SEO plugin. -->","yoast_head_json":{"title":"[La D\u00e9p\u00eache] Transports en commun : \u00abLe harc\u00e8lement sexiste est sous-estim\u00e9\u00bb - AUTATE","robots":{"index":"index","follow":"follow","max-snippet":"max-snippet:-1","max-image-preview":"max-image-preview:large","max-video-preview":"max-video-preview:-1"},"canonical":"https:\/\/autate.fr\/site\/la-depeche-transports-en-commun-le-harcelement-sexiste-est-sous-estime\/","og_locale":"fr_FR","og_type":"article","og_title":"[La D\u00e9p\u00eache] Transports en commun : \u00abLe harc\u00e8lement sexiste est sous-estim\u00e9\u00bb - AUTATE","og_description":"Un article de Silvana Grasso paru le 29\/01\/2017 Le probl\u00e8me du harc\u00e8lement sexiste est devenu une r\u00e9elle question de soci\u00e9t\u00e9. Pourtant, il y en a encore pour \u00abbanaliser\u00bb le ph\u00e9nom\u00e8ne voire parfois d\u00e9celer dans les r\u00e9flexions d\u00e9plac\u00e9es, une forme de compliment. Hier, \u00e0 l&rsquo;appel de la Ligue des Droits de l&rsquo;Homme, l&rsquo;association des usagers deVOIR PLUS","og_url":"https:\/\/autate.fr\/site\/la-depeche-transports-en-commun-le-harcelement-sexiste-est-sous-estime\/","og_site_name":"AUTATE","article_publisher":"https:\/\/www.facebook.com\/AutateToulouse","article_published_time":"2017-01-28T16:17:07+00:00","article_modified_time":"2017-01-30T16:19:17+00:00","author":"pascalbarbier","twitter_card":"summary_large_image","twitter_creator":"@AutateToulouse","twitter_site":"@AutateToulouse","twitter_misc":{"\u00c9crit par":"pascalbarbier","Dur\u00e9e de lecture estim\u00e9e":"1 minute"},"schema":{"@context":"https:\/\/schema.org","@graph":[{"@type":"Article","@id":"https:\/\/autate.fr\/site\/la-depeche-transports-en-commun-le-harcelement-sexiste-est-sous-estime\/#article","isPartOf":{"@id":"https:\/\/autate.fr\/site\/la-depeche-transports-en-commun-le-harcelement-sexiste-est-sous-estime\/"},"author":{"name":"pascalbarbier","@id":"https:\/\/autate.fr\/site\/#\/schema\/person\/ae1ab8bdaa7b41d2a9b52d2557ce8254"},"headline":"[La D\u00e9p\u00eache] Transports en commun : \u00abLe harc\u00e8lement sexiste est sous-estim\u00e9\u00bb","datePublished":"2017-01-28T16:17:07+00:00","dateModified":"2017-01-30T16:19:17+00:00","mainEntityOfPage":{"@id":"https:\/\/autate.fr\/site\/la-depeche-transports-en-commun-le-harcelement-sexiste-est-sous-estime\/"},"wordCount":175,"commentCount":0,"publisher":{"@id":"https:\/\/autate.fr\/site\/#organization"},"keywords":["harc\u00e8lement"],"articleSection":["Revue de presse"],"inLanguage":"fr-FR","potentialAction":[{"@type":"CommentAction","name":"Comment","target":["https:\/\/autate.fr\/site\/la-depeche-transports-en-commun-le-harcelement-sexiste-est-sous-estime\/#respond"]}]},{"@type":"WebPage","@id":"https:\/\/autate.fr\/site\/la-depeche-transports-en-commun-le-harcelement-sexiste-est-sous-estime\/","url":"https:\/\/autate.fr\/site\/la-depeche-transports-en-commun-le-harcelement-sexiste-est-sous-estime\/","name":"[La D\u00e9p\u00eache] Transports en commun : \u00abLe harc\u00e8lement sexiste est sous-estim\u00e9\u00bb - AUTATE","isPartOf":{"@id":"https:\/\/autate.fr\/site\/#website"},"datePublished":"2017-01-28T16:17:07+00:00","dateModified":"2017-01-30T16:19:17+00:00","breadcrumb":{"@id":"https:\/\/autate.fr\/site\/la-depeche-transports-en-commun-le-harcelement-sexiste-est-sous-estime\/#breadcrumb"},"inLanguage":"fr-FR","potentialAction":[{"@type":"ReadAction","target":["https:\/\/autate.fr\/site\/la-depeche-transports-en-commun-le-harcelement-sexiste-est-sous-estime\/"]}]},{"@type":"BreadcrumbList","@id":"https:\/\/autate.fr\/site\/la-depeche-transports-en-commun-le-harcelement-sexiste-est-sous-estime\/#breadcrumb","itemListElement":[{"@type":"ListItem","position":1,"name":"Accueil","item":"https:\/\/autate.fr\/site\/"},{"@type":"ListItem","position":2,"name":"[La D\u00e9p\u00eache] Transports en commun : \u00abLe harc\u00e8lement sexiste est sous-estim\u00e9\u00bb"}]},{"@type":"WebSite","@id":"https:\/\/autate.fr\/site\/#website","url":"https:\/\/autate.fr\/site\/","name":"AUTATE","description":"Association des usagers des transports de l&#039;agglom\u00e9ration Toulousaine et de ses environs","publisher":{"@id":"https:\/\/autate.fr\/site\/#organization"},"potentialAction":[{"@type":"SearchAction","target":{"@type":"EntryPoint","urlTemplate":"https:\/\/autate.fr\/site\/?s={search_term_string}"},"query-input":{"@type":"PropertyValueSpecification","valueRequired":true,"valueName":"search_term_string"}}],"inLanguage":"fr-FR"},{"@type":"Organization","@id":"https:\/\/autate.fr\/site\/#organization","name":"AUTATE","url":"https:\/\/autate.fr\/site\/","logo":{"@type":"ImageObject","inLanguage":"fr-FR","@id":"https:\/\/autate.fr\/site\/#\/schema\/logo\/image\/","url":"http:\/\/autate.fr\/site\/wp-content\/uploads\/2019\/01\/logo.png","contentUrl":"http:\/\/autate.fr\/site\/wp-content\/uploads\/2019\/01\/logo.png","width":506,"height":280,"caption":"AUTATE"},"image":{"@id":"https:\/\/autate.fr\/site\/#\/schema\/logo\/image\/"},"sameAs":["https:\/\/www.facebook.com\/AutateToulouse","https:\/\/x.com\/AutateToulouse"]},{"@type":"Person","@id":"https:\/\/autate.fr\/site\/#\/schema\/person\/ae1ab8bdaa7b41d2a9b52d2557ce8254","name":"pascalbarbier","image":{"@type":"ImageObject","inLanguage":"fr-FR","@id":"https:\/\/secure.gravatar.com\/avatar\/03f4e8ced09894b72c67e83142540730d4b3bbf619bf46341b0074e3bf5f08a0?s=96&d=mm&r=g","url":"https:\/\/secure.gravatar.com\/avatar\/03f4e8ced09894b72c67e83142540730d4b3bbf619bf46341b0074e3bf5f08a0?s=96&d=mm&r=g","contentUrl":"https:\/\/secure.gravatar.com\/avatar\/03f4e8ced09894b72c67e83142540730d4b3bbf619bf46341b0074e3bf5f08a0?s=96&d=mm&r=g","caption":"pascalbarbier"},"url":"https:\/\/autate.fr\/site\/author\/pascalbarbier\/"}]}},"_links":{"self":[{"href":"https:\/\/autate.fr\/site\/wp-json\/wp\/v2\/posts\/1252","targetHints":{"allow":["GET"]}}],"collection":[{"href":"https:\/\/autate.fr\/site\/wp-json\/wp\/v2\/posts"}],"about":[{"href":"https:\/\/autate.fr\/site\/wp-json\/wp\/v2\/types\/post"}],"author":[{"embeddable":true,"href":"https:\/\/autate.fr\/site\/wp-json\/wp\/v2\/users\/1"}],"replies":[{"embeddable":true,"href":"https:\/\/autate.fr\/site\/wp-json\/wp\/v2\/comments?post=1252"}],"version-history":[{"count":2,"href":"https:\/\/autate.fr\/site\/wp-json\/wp\/v2\/posts\/1252\/revisions"}],"predecessor-version":[{"id":1254,"href":"https:\/\/autate.fr\/site\/wp-json\/wp\/v2\/posts\/1252\/revisions\/1254"}],"wp:attachment":[{"href":"https:\/\/autate.fr\/site\/wp-json\/wp\/v2\/media?parent=1252"}],"wp:term":[{"taxonomy":"category","embeddable":true,"href":"https:\/\/autate.fr\/site\/wp-json\/wp\/v2\/categories?post=1252"},{"taxonomy":"post_tag","embeddable":true,"href":"https:\/\/autate.fr\/site\/wp-json\/wp\/v2\/tags?post=1252"}],"curies":[{"name":"wp","href":"https:\/\/api.w.org\/{rel}","templated":true}]}}