{"id":1202,"date":"2017-01-10T16:06:38","date_gmt":"2017-01-10T15:06:38","guid":{"rendered":"http:\/\/autate.fr\/site\/?p=1202"},"modified":"2017-01-13T00:42:57","modified_gmt":"2017-01-12T23:42:57","slug":"les-positions-des-acteurs-dans-le-debat-3eme-ligne","status":"publish","type":"post","link":"https:\/\/autate.fr\/site\/les-positions-des-acteurs-dans-le-debat-3eme-ligne\/","title":{"rendered":"Les positions des acteurs dans le d\u00e9bat 3eme ligne"},"content":{"rendered":"<p>&nbsp;<\/p>\n<p align=\"CENTER\"><span style=\"font-size: large;\"><strong>Les positions des acteurs dans le d\u00e9bat 3eme ligne<\/strong> (d\u00e9cembre 2016)<br \/>\n<\/span><\/p>\n<p align=\"CENTER\"><span style=\"font-size: large;\"><strong>Cliquer sur les num\u00e9ros pour consulter les points de vue<\/strong>\u00a0 <strong><a href=\"https:\/\/metroligne3toulouse.debatpublic.fr\/points-de-vue\" target=\"_blank\">sur le site<\/a><\/strong> d\u00e9di\u00e9 au d\u00e9bat sur la 3\u00e8me ligne de m\u00e9tro par la Commission nationale du D\u00e9bat Public<br \/>\n<\/span><\/p>\n<table border=\"1\" width=\"604\" cellspacing=\"0\" cellpadding=\"7\">\n<colgroup>\n<col width=\"287\" \/>\n<col width=\"287\" \/> <\/colgroup>\n<tbody>\n<tr valign=\"TOP\">\n<td width=\"287\"><b>POUR (y compris prolongement a\u00e9roport)<\/b><\/td>\n<td width=\"287\"><b>CONTRE<\/b><\/td>\n<\/tr>\n<tr valign=\"TOP\">\n<td width=\"287\"><a href=\"https:\/\/metroligne3toulouse.debatpublic.fr\/ligne-tae-ville-blagnac-demande-desserte-direct-laeroport\" target=\"_blank\">N\u00b0 3<\/a>. Mairie de Blagnac (A\u00e9roport)<\/p>\n<p><a href=\"https:\/\/metroligne3toulouse.debatpublic.fr\/cahier-dacteur-laeroport-toulouse-blagnac-pourquoi-3e-ligne-doit-passer-laeroport\" target=\"_blank\">N\u00b0 16<\/a> A\u00e9roport (A\u00e9roport)<\/p>\n<p><a href=\"https:\/\/metroligne3toulouse.debatpublic.fr\/cahier-dacteur-chambre-metiers-dartisanat-haute-garonne-lartisanat-acteur-incontournable-metropole\" target=\"_blank\">N\u00b0 24<\/a> Chambre de M\u00e9tiers et de l&rsquo;Artisanat de la Haute-Garonne<\/p>\n<p><a href=\"https:\/\/metroligne3toulouse.debatpublic.fr\/contribution-m-servouse-ligne-avenir-demploi\" target=\"_blank\">N\u00b0 28<\/a> M. Servouse (A\u00e9roport)<\/p>\n<p><a href=\"https:\/\/metroligne3toulouse.debatpublic.fr\/cahier-dacteur-airbus-zone-aeroportuaire-mobilite-enjeu-competitivite\" target=\"_blank\">N\u00b0 30<\/a> Airbus zone a\u00e9roportuaire (A\u00e9roport)<\/p>\n<p><a href=\"https:\/\/metroligne3toulouse.debatpublic.fr\/contribution-lassociation-sauvegarde-interets-saint-martin-du-touch\" target=\"_blank\">N\u00b0 32<\/a> Contribution de l&rsquo;Association de sauvegarde des int\u00e9r\u00eats de Saint-Martin-du-Touch (+ train)<\/p>\n<p><a href=\"https:\/\/metroligne3toulouse.debatpublic.fr\/cahier-dacteur-cci-toulouse-faveur-3e-ligne-metro\" target=\"_blank\">N\u00b0 33<\/a> CCI (Chambre de commerce et d&rsquo;industrie)<\/p>\n<p><a href=\"https:\/\/metroligne3toulouse.debatpublic.fr\/cahier-dacteur-federation-travaux-publics-midi-pyrenees-entrepreneurs-travaux-publics-sengagent\" target=\"_blank\">N\u00b0 34<\/a> F\u00e9d\u00e9ration des travaux publics Midi-Pyr\u00e9n\u00e9es<\/p>\n<p><a href=\"https:\/\/metroligne3toulouse.debatpublic.fr\/cahier-dacteur-eurosud-transport\" target=\"_blank\">N\u00b0 41<\/a> Eurosud Transport (A\u00e9roport)<\/p>\n<p>N\u00b0 48 Airbus Defence &amp; Space<\/p>\n<p><a href=\"https:\/\/metroligne3toulouse.debatpublic.fr\/cahier-dacteur-medef-occitanie\" target=\"_blank\">N\u00b0 54<\/a> MEDEF Occitanie<\/p>\n<p><a href=\"https:\/\/metroligne3toulouse.debatpublic.fr\/passage-3eme-ligne-metro-laeroport-toulouse-blagnac-condition-du-developpement-economique-structurel\" target=\"_blank\">N\u00b058<\/a> ATR<\/p>\n<p><a href=\"https:\/\/metroligne3toulouse.debatpublic.fr\/letoile-ferroviaire-toulousaine-cahier-dacteur-sncf\" target=\"_blank\">N\u00b0 59<\/a> SNCF<\/p>\n<p><a href=\"https:\/\/metroligne3toulouse.debatpublic.fr\/contribution-ville-saint-orens-gameville\" target=\"_blank\">N\u00b062<\/a> ST Orens<\/p>\n<p><a href=\"https:\/\/metroligne3toulouse.debatpublic.fr\/cahier-dacteur-du-stade-toulousain\" target=\"_blank\">N\u00b0 70<\/a> Stade toulousain<\/p>\n<p><a href=\"https:\/\/metroligne3toulouse.debatpublic.fr\/contribution-3eme-ligne-metro-circulaire\" target=\"_blank\">N\u00b0 71<\/a> Atelier d&rsquo;urbanisme Latdiagonal (Paris)<\/p>\n<p><a href=\"https:\/\/metroligne3toulouse.debatpublic.fr\/accessibilite-stations-notamment-lemplacement-dimensionnement-parkings-relais-cahier-dacteur\" target=\"_blank\">N\u00b0 79<\/a> Automobile Club<\/p>\n<p><a href=\"https:\/\/metroligne3toulouse.debatpublic.fr\/3eme-ligne-toulouse-aerospace-express-projet-majeur-nord-toulousain-cahier-dacteur-du-nord\" target=\"_blank\">N\u00b0 74<\/a> Mairie de Castelginest<\/p>\n<p><a href=\"https:\/\/metroligne3toulouse.debatpublic.fr\/avis-favorable-au-projet-dune-3eme-ligne-metro-cahier-dacteur-du-chu-purpan\" target=\"_blank\">N\u00b0 77<\/a> CHU Purpan<\/p>\n<p><a href=\"https:\/\/metroligne3toulouse.debatpublic.fr\/3eme-ligne-metro-necessaire-metropole-toulousaine-cahier-dacteur-du-club-dentreprises-reussir\" target=\"_blank\">N\u00b0 78<\/a> Club d\u2019entreprises R\u00e9ussir<\/p>\n<p><a href=\"https:\/\/metroligne3toulouse.debatpublic.fr\/oui-a-3eme-ligne-labege-gare-a-colomiers-gare-cahier-dacteur-du-geset\" target=\"_blank\">N\u00b0 80<\/a> GESET<\/p>\n<p><a href=\"https:\/\/metroligne3toulouse.debatpublic.fr\/cahier-dacteur-region-occitanie\" target=\"_blank\">N\u00b0 81<\/a> R\u00e9gion Occitanie<\/p>\n<p><a href=\"https:\/\/metroligne3toulouse.debatpublic.fr\/cahier-dacteur-federation-francaise-du-paysage-midi-pyrenees\" target=\"_blank\">N\u00b0 82<\/a> F\u00e9d\u00e9ration fran\u00e7aise du paysage<\/p>\n<p><a href=\"https:\/\/metroligne3toulouse.debatpublic.fr\/cahier-dacteur-rockwell-collins\" target=\"_blank\">N\u00b0 83<\/a>. Rockwell Collins<\/td>\n<td width=\"287\"><a href=\"https:\/\/metroligne3toulouse.debatpublic.fr\/contre-projet-lautate\" target=\"_blank\">N\u00b0 4<\/a> et N\u00b0 <a href=\"https:\/\/metroligne3toulouse.debatpublic.fr\/cahier-dacteur-lautate\" target=\"_blank\">8<\/a> AUTATE (association des usagers des transports)<\/p>\n<p><a href=\"https:\/\/metroligne3toulouse.debatpublic.fr\/quels-projets-deplacements-lagglomeration-toulousaine\" target=\"_blank\">N\u00b0 10 <\/a>Bernard Marqui\u00e9<\/p>\n<p><a href=\"https:\/\/metroligne3toulouse.debatpublic.fr\/cahier-dacteur-deelv\" target=\"_blank\">N\u00b0 13<\/a> EELV (Europe \u00c9cologie les Verts)<\/p>\n<p><a href=\"https:\/\/metroligne3toulouse.debatpublic.fr\/cahier-dacteur-fne-midi-pyrenees-tae-reponse-inappropriee-tres-chere-a-enjeux-qui-concernent-plus\" target=\"_blank\">N\u00b0 15<\/a> FNE (France Nature Environnement)<\/p>\n<p><a href=\"https:\/\/metroligne3toulouse.debatpublic.fr\/vrai-reseau-express-metropolitain\" target=\"_blank\">N\u00b017<\/a> et N\u00b0 <a href=\"https:\/\/metroligne3toulouse.debatpublic.fr\/contribution-complementaire-du-collectif-tuck-ceux-qui-laiment-prendront-train\" target=\"_blank\">72<\/a> Collectif Tuck<\/p>\n<p><a href=\"https:\/\/metroligne3toulouse.debatpublic.fr\/contribution-g-laborie-conseiller-municipal-castelginest\" target=\"_blank\">N\u00b0 19<\/a> Georges Laborie, Conseiller municipal Castelginest<\/p>\n<p><a href=\"https:\/\/metroligne3toulouse.debatpublic.fr\/contribution-lassociation-velorution\" target=\"_blank\">N\u00b0 20<\/a> et <a href=\"https:\/\/metroligne3toulouse.debatpublic.fr\/hausse-du-trafic-routier-etalage-urbain-ce-plan-deplacements-est-passeiste-illegal-cahier-dacteur\" target=\"_blank\">N\u00b0 57<\/a> V\u00e9lorution<\/p>\n<p><a href=\"https:\/\/metroligne3toulouse.debatpublic.fr\/contre-projet-tournefeuille-environnement-transports-publics-lagglomeration-toulouse\" target=\"_blank\">N\u00b0 27<\/a> TAE (Tournefeuille Avenir Environnement)<\/p>\n<p><a href=\"https:\/\/metroligne3toulouse.debatpublic.fr\/cahier-dacteur-cgt-regie-tisseo-cgt-redoute-service-public-a-deux-vitesses\" target=\"_blank\">N\u00b0 29<\/a> CGT R\u00e9gie Tiss\u00e9o<\/p>\n<p><a href=\"https:\/\/metroligne3toulouse.debatpublic.fr\/contre-projet-du-collectif-desert-louest-metropole\" target=\"_blank\">N\u00b0 31<\/a> Collectif du d\u00e9sert de l\u2019Ouest<\/p>\n<p><a href=\"https:\/\/metroligne3toulouse.debatpublic.fr\/avis-du-collectif-contre-nuisances-aeriennes-lagglomeration-toulousaine-ccnaat-projet-3-eme-ligne\" target=\"_blank\">N\u00b0\u00a0 217<\/a> CCNAAT (Collectif Contre les Nuisances A\u00e9riennes de l&rsquo;A\u00e9roport de Toulouse)<\/p>\n<p><a href=\"https:\/\/metroligne3toulouse.debatpublic.fr\/consequences-linstallation-3e-ligne\" target=\"_blank\">N\u00b0 37<\/a> Philippe FRANCAIS-DEMAY (MONTLAUR)<\/p>\n<p><a href=\"https:\/\/metroligne3toulouse.debatpublic.fr\/contribution-lassociation-blagnac-a-vivre-environnement\" target=\"_blank\">N\u00b0 44<\/a> ABAVE (Association Blagnac \u00e0 Vivre Environnement)<\/p>\n<p><a href=\"https:\/\/metroligne3toulouse.debatpublic.fr\/position-ladeqvaar-projet-3e-ligne-metro\" target=\"_blank\">N\u00b0 45 <\/a>Association pour la D\u00e9fense de l&rsquo;Environnement et la Qualit\u00e9 (Ar\u00e8nes romaines Toulouse)<\/p>\n<p><a href=\"https:\/\/metroligne3toulouse.debatpublic.fr\/cahier-dacteur-association-2-pieds-2-roues\" target=\"_blank\">N\u00b0 47<\/a>\u00a0\u00a0 2P2R (2 Pieds 2 Roues)<\/p>\n<p><a href=\"https:\/\/metroligne3toulouse.debatpublic.fr\/lagglomeration-toulousaine-3eme-ligne-metro-tae-nest-pas-solution-nest-pas-priorite-cahier-dacteur\" target=\"_blank\">N\u00b0 55<\/a> Nordenvie<\/p>\n<p><a href=\"https:\/\/metroligne3toulouse.debatpublic.fr\/contribution-du-collectif-associations-pradettes-au-debat-3ieme-ligne-metro\" target=\"_blank\">N\u00b0 66<\/a> Collectif des Associations des Pradettes<\/p>\n<p><a href=\"https:\/\/metroligne3toulouse.debatpublic.fr\/asphyxie\" target=\"_blank\">N\u00b0 67<\/a> ST&rsquo;O Citoyenne (Saint-Orens-de-Gameville)<\/p>\n<p><a href=\"https:\/\/metroligne3toulouse.debatpublic.fr\/discutons-tous-moyens-transports\" target=\"_blank\">N\u00b0 68<\/a> PCF 31 (Parti Communiste Fran\u00e7ais Haute-Garonne)<\/td>\n<\/tr>\n<\/tbody>\n<\/table>\n<p>&nbsp;<\/p>\n<table border=\"1\" width=\"604\" cellspacing=\"0\" cellpadding=\"7\">\n<colgroup>\n<col width=\"588\" \/> <\/colgroup>\n<tbody>\n<tr>\n<td valign=\"TOP\" width=\"588\"><b>DUBITATIF (demande autres investissements)<\/b><\/td>\n<\/tr>\n<tr>\n<td valign=\"TOP\" width=\"588\"><a href=\"https:\/\/metroligne3toulouse.debatpublic.fr\/courrier-marc-pere-a-jean-michel-lattes\" target=\"_blank\">N\u00b0 2<\/a> et <a href=\"https:\/\/metroligne3toulouse.debatpublic.fr\/contribution-du-groupe-metropole-citoyenne-au-debat-public\" target=\"_blank\">N\u00b0 18<\/a> et <a href=\"https:\/\/metroligne3toulouse.debatpublic.fr\/utilisation-outils-numeriques-modernes-au-service-du-design-nouveaux-reseaux-transport\" target=\"_blank\">N\u00b038<\/a> Groupe M\u00e9tropole Citoyenne (Marc P\u00e9r\u00e9)<\/p>\n<p><a href=\"https:\/\/metroligne3toulouse.debatpublic.fr\/contribution-du-groupe-inter-codev-muretain-sicoval-toulouse-metropole-tisser-toile-mobilites-court\" target=\"_blank\">N\u00b0 14<\/a> et <a href=\"https:\/\/metroligne3toulouse.debatpublic.fr\/cahier-dacteur-codev-grande-agglomeration-toulousaine\" target=\"_blank\">N\u00b0 49<\/a> les CODEV (Conseils d\u00e9veloppement)<\/p>\n<p><a href=\"https:\/\/metroligne3toulouse.debatpublic.fr\/cahier-dacteur-cgt-haute-garonne\" target=\"_blank\">N\u00b0 23<\/a> UD CGT 31<\/p>\n<p><a href=\"https:\/\/metroligne3toulouse.debatpublic.fr\/troisieme-ligne-metro-cfdt-sinterroge\" target=\"_blank\">N\u00b0 26<\/a> CFDT<\/p>\n<p><a href=\"https:\/\/metroligne3toulouse.debatpublic.fr\/3e-ligne-reseau-dagglomeration\" target=\"_blank\">N\u00b0 35<\/a> Jean-Marc SOUCHON<\/p>\n<p><a href=\"https:\/\/metroligne3toulouse.debatpublic.fr\/avis-projet-3e-ligne-metro-cahier-dacteur-du-groupe-socialiste-toulouse-metropole-groupe-socialiste\" target=\"_blank\">N\u00b0 36<\/a> Groupes Socialiste Toulouse &#8211; M\u00e9tropole (Toulouse)<\/p>\n<p><a href=\"https:\/\/metroligne3toulouse.debatpublic.fr\/projet-pertinent-pdu-a-conforter-cahier-dacteur-du-ceser\" target=\"_blank\">N\u00b0 39<\/a> CESER (Conseil \u00c9conomique, Social et Environnemental R\u00e9gional)<\/p>\n<p><a href=\"https:\/\/metroligne3toulouse.debatpublic.fr\/importance-democratique-dun-reseau-cible-tres-argumente-vision-globale\" target=\"_blank\">N\u00b0 40<\/a> Jeanny Bouton (SCEAUX)<\/p>\n<p><a href=\"https:\/\/metroligne3toulouse.debatpublic.fr\/3e-ligne-oui-conditions-cahier-dacteur-cfe-cgc\" target=\"_blank\">N\u00b0 46<\/a> CFE-CGC<\/p>\n<p><a href=\"https:\/\/metroligne3toulouse.debatpublic.fr\/cahier-dacteur-cfdt-midi-pyrenees\" target=\"_blank\">N\u00b0 50<\/a> CFDT Midi-Pyr\u00e9n\u00e9es<\/p>\n<p><a href=\"https:\/\/metroligne3toulouse.debatpublic.fr\/contre-projet-elu-e-s-ecologistes-au-projet-3eme-ligne-metro-cahier-dacteur-feve\" target=\"_blank\">N\u00b0 51<\/a> La FEVE (F\u00e9d\u00e9ration des \u00c9lus \u00e9cologistes)<\/p>\n<p><a href=\"https:\/\/metroligne3toulouse.debatpublic.fr\/plan-durgence-attendant-3eme-ligne-metro-toulousain-cahier-dacteur-lauragais-transition\" target=\"_blank\">N\u00b0 53<\/a> Lauragais en transition (Escalquens)<\/p>\n<p><a href=\"https:\/\/metroligne3toulouse.debatpublic.fr\/contribution-du-maire-tournefeuille\" target=\"_blank\">N\u00b0 61<\/a> Maire de Tournefeuille<\/p>\n<p><a href=\"https:\/\/metroligne3toulouse.debatpublic.fr\/projet-metro-ou-metropole\" target=\"_blank\">N\u00b0 65<\/a> Bernard Dalle (Toulouse)<\/td>\n<\/tr>\n<\/tbody>\n<\/table>\n<p>&nbsp;<\/p>\n<table border=\"1\" width=\"604\" cellspacing=\"0\" cellpadding=\"7\">\n<colgroup>\n<col width=\"588\" \/> <\/colgroup>\n<tbody>\n<tr style=\"height: 24px;\">\n<td style=\"height: 24px;\" valign=\"TOP\" width=\"588\"><b>Contributions NEUTRES<\/b><\/td>\n<\/tr>\n<tr style=\"height: 96px;\">\n<td style=\"height: 96px;\" valign=\"TOP\" width=\"588\"><a href=\"https:\/\/metroligne3toulouse.debatpublic.fr\/cahier-dacteur-collectif-inter-associatif-handicap-31\" target=\"_blank\">N\u00b0 52<\/a> Cahier d&rsquo;acteur Collectif Inter Associatif Handicap 31<\/p>\n<p><a href=\"https:\/\/metroligne3toulouse.debatpublic.fr\/troisieme-ligne-metro-route-projets-solidaires-cahier-dacteur-chambre-regionale-leconomie-sociale\" target=\"_blank\">N\u00b0 60<\/a> Chambre R\u00e9gionale de l\u2019\u00c9conomie Sociale et Solidaire<\/p>\n<p><a href=\"https:\/\/metroligne3toulouse.debatpublic.fr\/quels-transports-publics-quelle-urbanite-cahier-dacteur-lapump\" target=\"_blank\">N\u00b0 76<\/a> APUMP (assoc. Professionnels de l\u2019Urbanisme de Midi-Pyr\u00e9n\u00e9es)<\/td>\n<\/tr>\n<\/tbody>\n<\/table>\n<p>&nbsp;<\/p>\n<table border=\"1\" width=\"604\" cellspacing=\"0\" cellpadding=\"7\">\n<colgroup>\n<col width=\"588\" \/> <\/colgroup>\n<tbody>\n<tr>\n<td valign=\"TOP\" width=\"588\"><b>Contributions POUR avec modifications parcours <\/b><\/td>\n<\/tr>\n<tr>\n<td valign=\"TOP\" width=\"588\"><a href=\"https:\/\/metroligne3toulouse.debatpublic.fr\/argumentaire-citoyen-faveur-dune-ligne-metro-optimisee\" target=\"_blank\">N\u00b01<\/a>\u00a0 Argumentaire citoyen pour ligne optimis\u00e9e<\/p>\n<p><a href=\"https:\/\/metroligne3toulouse.debatpublic.fr\/3e-ligne-metro-toulouse-reseau-coherent-transports-site-propre\" target=\"_blank\">N\u00b0 7<\/a> Jean Louis Deligny<\/p>\n<p><a href=\"https:\/\/metroligne3toulouse.debatpublic.fr\/contribution-lassociation-coproprietes-du-bazacle\" target=\"_blank\">N\u00b0 5<\/a> et <a href=\"https:\/\/metroligne3toulouse.debatpublic.fr\/cahier-dacteur-lascobaz-reseau-coherent-transports-collectifs-site-propre\" target=\"_blank\">25<\/a> Ascobaz (copropri\u00e9t\u00e9s du Bazacle)<\/p>\n<p><a href=\"https:\/\/metroligne3toulouse.debatpublic.fr\/station-metro-a-cite-lespace\" target=\"_blank\">N\u00b0 6<\/a> Association des entreprises de la plaine (Cit\u00e9 de l&rsquo;Espace)<\/p>\n<p><a href=\"https:\/\/metroligne3toulouse.debatpublic.fr\/contribution-au-debat-m-jouclas-residant-quartier-toulouse-est\" target=\"_blank\">N\u00b0 9<\/a> M. Jouclas, r\u00e9sidant dans le quartier Toulouse-Est<\/p>\n<p><a href=\"https:\/\/metroligne3toulouse.debatpublic.fr\/oui-principe-3eme-ligne-interesse-habitants-descalquens-a-conditions-dacces-dinterconnexion-rapide\" target=\"_blank\">N\u00b0 11<\/a> Association Escalquens Plus harmonieux<\/p>\n<p><a href=\"https:\/\/metroligne3toulouse.debatpublic.fr\/motion-du-conseil-departemental-haute-garonne\" target=\"_blank\">N\u00b0 21<\/a> Conseil d\u00e9partemental<\/p>\n<p><a href=\"https:\/\/metroligne3toulouse.debatpublic.fr\/station-a-camille-pujol\" target=\"_blank\">N\u00b0 22<\/a> Association Bonhoure Guilhem\u00e9ry<\/p>\n<p><a href=\"https:\/\/metroligne3toulouse.debatpublic.fr\/passage-au-centre-station-chalets-raisin\" target=\"_blank\">N\u00b0 42<\/a> Alain Roy (Quartier chalets)<\/p>\n<p><a href=\"https:\/\/metroligne3toulouse.debatpublic.fr\/cahier-dacteur-sicoval-commune-labege\" target=\"_blank\">N\u00b0 56<\/a> Sicoval et Lab\u00e8ge<\/p>\n<p><a href=\"https:\/\/metroligne3toulouse.debatpublic.fr\/metro-durable-deuxieme-ville-metropole-cahier-dacteur-ville-colomiers\" target=\"_blank\">N\u00b0 64 <\/a>Ville de Colomiers<\/p>\n<p><a href=\"https:\/\/metroligne3toulouse.debatpublic.fr\/lutilite-dun-transport-commun-type-val-metropole-toulousaine\" target=\"_blank\">N\u00b0 63<\/a> Alain LAFFITTE (TOULOUSE)<\/p>\n<p><a href=\"https:\/\/metroligne3toulouse.debatpublic.fr\/optimiser-trace-5-secteurs-argumentaire-illustre\" target=\"_blank\">N\u00b0 69<\/a>Alain Kroon (Castelginest)<\/p>\n<p><a href=\"https:\/\/metroligne3toulouse.debatpublic.fr\/desserte-quartiers-est-question\" target=\"_blank\">N\u00b0 73\u00a0 <\/a>et <a href=\"https:\/\/metroligne3toulouse.debatpublic.fr\/metro-faubourgs-densite-ligne-3\" target=\"_blank\">N\u00b0 43<\/a> LM Lambert\u00a0: La desserte des quartiers est en question<\/p>\n<p><a href=\"https:\/\/metroligne3toulouse.debatpublic.fr\/proposition-trace-entre-colomiers-sept-deniers\" target=\"_blank\">N\u00b0 75<\/a> Thibault HEMADOU (Proposition de trac\u00e9 Colomiers Sept-Deniers)<\/td>\n<\/tr>\n<\/tbody>\n<\/table>\n<p>&nbsp;<\/p>\n","protected":false},"excerpt":{"rendered":"<p>&nbsp; Les positions des acteurs dans le d\u00e9bat 3eme ligne (d\u00e9cembre 2016) Cliquer sur les num\u00e9ros pour consulter les points de vue\u00a0 sur le site d\u00e9di\u00e9 au d\u00e9bat sur la 3\u00e8me ligne de m\u00e9tro par la Commission nationale du D\u00e9bat Public POUR (y compris prolongement a\u00e9roport) CONTRE N\u00b0 3. Mairie de Blagnac (A\u00e9roport) N\u00b0 16<\/p>\n<p class=\"more-link\"><a href=\"https:\/\/autate.fr\/site\/les-positions-des-acteurs-dans-le-debat-3eme-ligne\/\" class=\"themebutton2\">VOIR PLUS<\/a><\/p>\n","protected":false},"author":1,"featured_media":0,"comment_status":"open","ping_status":"open","sticky":false,"template":"","format":"standard","meta":{"footnotes":""},"categories":[265],"tags":[237,173,224],"class_list":["post-1202","post","type-post","status-publish","format-standard","hentry","category-contribution-au-debat-public-3eme-ligne","tag-3eme-ligne-de-metro","tag-cndp","tag-debat-public"],"yoast_head":"<!-- This site is optimized with the Yoast SEO plugin v27.4 - https:\/\/yoast.com\/product\/yoast-seo-wordpress\/ -->\n<title>Les positions des acteurs dans le d\u00e9bat 3eme ligne - AUTATE<\/title>\n<meta name=\"robots\" content=\"index, follow, max-snippet:-1, max-image-preview:large, max-video-preview:-1\" \/>\n<link rel=\"canonical\" href=\"https:\/\/autate.fr\/site\/les-positions-des-acteurs-dans-le-debat-3eme-ligne\/\" \/>\n<meta property=\"og:locale\" content=\"fr_FR\" \/>\n<meta property=\"og:type\" content=\"article\" \/>\n<meta property=\"og:title\" content=\"Les positions des acteurs dans le d\u00e9bat 3eme ligne - AUTATE\" \/>\n<meta property=\"og:description\" content=\"&nbsp; Les positions des acteurs dans le d\u00e9bat 3eme ligne (d\u00e9cembre 2016) Cliquer sur les num\u00e9ros pour consulter les points de vue\u00a0 sur le site d\u00e9di\u00e9 au d\u00e9bat sur la 3\u00e8me ligne de m\u00e9tro par la Commission nationale du D\u00e9bat Public POUR (y compris prolongement a\u00e9roport) CONTRE N\u00b0 3. Mairie de Blagnac (A\u00e9roport) N\u00b0 16VOIR PLUS\" \/>\n<meta property=\"og:url\" content=\"https:\/\/autate.fr\/site\/les-positions-des-acteurs-dans-le-debat-3eme-ligne\/\" \/>\n<meta property=\"og:site_name\" content=\"AUTATE\" \/>\n<meta property=\"article:publisher\" content=\"https:\/\/www.facebook.com\/AutateToulouse\" \/>\n<meta property=\"article:published_time\" content=\"2017-01-10T15:06:38+00:00\" \/>\n<meta property=\"article:modified_time\" content=\"2017-01-12T23:42:57+00:00\" \/>\n<meta name=\"author\" content=\"pascalbarbier\" \/>\n<meta name=\"twitter:card\" content=\"summary_large_image\" \/>\n<meta name=\"twitter:creator\" content=\"@AutateToulouse\" \/>\n<meta name=\"twitter:site\" content=\"@AutateToulouse\" \/>\n<meta name=\"twitter:label1\" content=\"\u00c9crit par\" \/>\n\t<meta name=\"twitter:data1\" content=\"pascalbarbier\" \/>\n\t<meta name=\"twitter:label2\" content=\"Dur\u00e9e de lecture estim\u00e9e\" \/>\n\t<meta name=\"twitter:data2\" content=\"3 minutes\" \/>\n<script type=\"application\/ld+json\" class=\"yoast-schema-graph\">{\"@context\":\"https:\\\/\\\/schema.org\",\"@graph\":[{\"@type\":\"Article\",\"@id\":\"https:\\\/\\\/autate.fr\\\/site\\\/les-positions-des-acteurs-dans-le-debat-3eme-ligne\\\/#article\",\"isPartOf\":{\"@id\":\"https:\\\/\\\/autate.fr\\\/site\\\/les-positions-des-acteurs-dans-le-debat-3eme-ligne\\\/\"},\"author\":{\"name\":\"pascalbarbier\",\"@id\":\"https:\\\/\\\/autate.fr\\\/site\\\/#\\\/schema\\\/person\\\/ae1ab8bdaa7b41d2a9b52d2557ce8254\"},\"headline\":\"Les positions des acteurs dans le d\u00e9bat 3eme ligne\",\"datePublished\":\"2017-01-10T15:06:38+00:00\",\"dateModified\":\"2017-01-12T23:42:57+00:00\",\"mainEntityOfPage\":{\"@id\":\"https:\\\/\\\/autate.fr\\\/site\\\/les-positions-des-acteurs-dans-le-debat-3eme-ligne\\\/\"},\"wordCount\":524,\"commentCount\":0,\"publisher\":{\"@id\":\"https:\\\/\\\/autate.fr\\\/site\\\/#organization\"},\"keywords\":[\"3\u00e8me ligne de m\u00e9tro\",\"CNDP\",\"d\u00e9bat public\"],\"articleSection\":[\"M\u00e9tro\"],\"inLanguage\":\"fr-FR\",\"potentialAction\":[{\"@type\":\"CommentAction\",\"name\":\"Comment\",\"target\":[\"https:\\\/\\\/autate.fr\\\/site\\\/les-positions-des-acteurs-dans-le-debat-3eme-ligne\\\/#respond\"]}]},{\"@type\":\"WebPage\",\"@id\":\"https:\\\/\\\/autate.fr\\\/site\\\/les-positions-des-acteurs-dans-le-debat-3eme-ligne\\\/\",\"url\":\"https:\\\/\\\/autate.fr\\\/site\\\/les-positions-des-acteurs-dans-le-debat-3eme-ligne\\\/\",\"name\":\"Les positions des acteurs dans le d\u00e9bat 3eme ligne - AUTATE\",\"isPartOf\":{\"@id\":\"https:\\\/\\\/autate.fr\\\/site\\\/#website\"},\"datePublished\":\"2017-01-10T15:06:38+00:00\",\"dateModified\":\"2017-01-12T23:42:57+00:00\",\"breadcrumb\":{\"@id\":\"https:\\\/\\\/autate.fr\\\/site\\\/les-positions-des-acteurs-dans-le-debat-3eme-ligne\\\/#breadcrumb\"},\"inLanguage\":\"fr-FR\",\"potentialAction\":[{\"@type\":\"ReadAction\",\"target\":[\"https:\\\/\\\/autate.fr\\\/site\\\/les-positions-des-acteurs-dans-le-debat-3eme-ligne\\\/\"]}]},{\"@type\":\"BreadcrumbList\",\"@id\":\"https:\\\/\\\/autate.fr\\\/site\\\/les-positions-des-acteurs-dans-le-debat-3eme-ligne\\\/#breadcrumb\",\"itemListElement\":[{\"@type\":\"ListItem\",\"position\":1,\"name\":\"Accueil\",\"item\":\"https:\\\/\\\/autate.fr\\\/site\\\/\"},{\"@type\":\"ListItem\",\"position\":2,\"name\":\"Les positions des acteurs dans le d\u00e9bat 3eme ligne\"}]},{\"@type\":\"WebSite\",\"@id\":\"https:\\\/\\\/autate.fr\\\/site\\\/#website\",\"url\":\"https:\\\/\\\/autate.fr\\\/site\\\/\",\"name\":\"AUTATE\",\"description\":\"Association des usagers des transports de l&#039;agglom\u00e9ration Toulousaine et de ses environs\",\"publisher\":{\"@id\":\"https:\\\/\\\/autate.fr\\\/site\\\/#organization\"},\"potentialAction\":[{\"@type\":\"SearchAction\",\"target\":{\"@type\":\"EntryPoint\",\"urlTemplate\":\"https:\\\/\\\/autate.fr\\\/site\\\/?s={search_term_string}\"},\"query-input\":{\"@type\":\"PropertyValueSpecification\",\"valueRequired\":true,\"valueName\":\"search_term_string\"}}],\"inLanguage\":\"fr-FR\"},{\"@type\":\"Organization\",\"@id\":\"https:\\\/\\\/autate.fr\\\/site\\\/#organization\",\"name\":\"AUTATE\",\"url\":\"https:\\\/\\\/autate.fr\\\/site\\\/\",\"logo\":{\"@type\":\"ImageObject\",\"inLanguage\":\"fr-FR\",\"@id\":\"https:\\\/\\\/autate.fr\\\/site\\\/#\\\/schema\\\/logo\\\/image\\\/\",\"url\":\"http:\\\/\\\/autate.fr\\\/site\\\/wp-content\\\/uploads\\\/2019\\\/01\\\/logo.png\",\"contentUrl\":\"http:\\\/\\\/autate.fr\\\/site\\\/wp-content\\\/uploads\\\/2019\\\/01\\\/logo.png\",\"width\":506,\"height\":280,\"caption\":\"AUTATE\"},\"image\":{\"@id\":\"https:\\\/\\\/autate.fr\\\/site\\\/#\\\/schema\\\/logo\\\/image\\\/\"},\"sameAs\":[\"https:\\\/\\\/www.facebook.com\\\/AutateToulouse\",\"https:\\\/\\\/x.com\\\/AutateToulouse\"]},{\"@type\":\"Person\",\"@id\":\"https:\\\/\\\/autate.fr\\\/site\\\/#\\\/schema\\\/person\\\/ae1ab8bdaa7b41d2a9b52d2557ce8254\",\"name\":\"pascalbarbier\",\"image\":{\"@type\":\"ImageObject\",\"inLanguage\":\"fr-FR\",\"@id\":\"https:\\\/\\\/secure.gravatar.com\\\/avatar\\\/03f4e8ced09894b72c67e83142540730d4b3bbf619bf46341b0074e3bf5f08a0?s=96&d=mm&r=g\",\"url\":\"https:\\\/\\\/secure.gravatar.com\\\/avatar\\\/03f4e8ced09894b72c67e83142540730d4b3bbf619bf46341b0074e3bf5f08a0?s=96&d=mm&r=g\",\"contentUrl\":\"https:\\\/\\\/secure.gravatar.com\\\/avatar\\\/03f4e8ced09894b72c67e83142540730d4b3bbf619bf46341b0074e3bf5f08a0?s=96&d=mm&r=g\",\"caption\":\"pascalbarbier\"},\"url\":\"https:\\\/\\\/autate.fr\\\/site\\\/author\\\/pascalbarbier\\\/\"}]}<\/script>\n<!-- \/ Yoast SEO plugin. -->","yoast_head_json":{"title":"Les positions des acteurs dans le d\u00e9bat 3eme ligne - AUTATE","robots":{"index":"index","follow":"follow","max-snippet":"max-snippet:-1","max-image-preview":"max-image-preview:large","max-video-preview":"max-video-preview:-1"},"canonical":"https:\/\/autate.fr\/site\/les-positions-des-acteurs-dans-le-debat-3eme-ligne\/","og_locale":"fr_FR","og_type":"article","og_title":"Les positions des acteurs dans le d\u00e9bat 3eme ligne - AUTATE","og_description":"&nbsp; Les positions des acteurs dans le d\u00e9bat 3eme ligne (d\u00e9cembre 2016) Cliquer sur les num\u00e9ros pour consulter les points de vue\u00a0 sur le site d\u00e9di\u00e9 au d\u00e9bat sur la 3\u00e8me ligne de m\u00e9tro par la Commission nationale du D\u00e9bat Public POUR (y compris prolongement a\u00e9roport) CONTRE N\u00b0 3. Mairie de Blagnac (A\u00e9roport) N\u00b0 16VOIR PLUS","og_url":"https:\/\/autate.fr\/site\/les-positions-des-acteurs-dans-le-debat-3eme-ligne\/","og_site_name":"AUTATE","article_publisher":"https:\/\/www.facebook.com\/AutateToulouse","article_published_time":"2017-01-10T15:06:38+00:00","article_modified_time":"2017-01-12T23:42:57+00:00","author":"pascalbarbier","twitter_card":"summary_large_image","twitter_creator":"@AutateToulouse","twitter_site":"@AutateToulouse","twitter_misc":{"\u00c9crit par":"pascalbarbier","Dur\u00e9e de lecture estim\u00e9e":"3 minutes"},"schema":{"@context":"https:\/\/schema.org","@graph":[{"@type":"Article","@id":"https:\/\/autate.fr\/site\/les-positions-des-acteurs-dans-le-debat-3eme-ligne\/#article","isPartOf":{"@id":"https:\/\/autate.fr\/site\/les-positions-des-acteurs-dans-le-debat-3eme-ligne\/"},"author":{"name":"pascalbarbier","@id":"https:\/\/autate.fr\/site\/#\/schema\/person\/ae1ab8bdaa7b41d2a9b52d2557ce8254"},"headline":"Les positions des acteurs dans le d\u00e9bat 3eme ligne","datePublished":"2017-01-10T15:06:38+00:00","dateModified":"2017-01-12T23:42:57+00:00","mainEntityOfPage":{"@id":"https:\/\/autate.fr\/site\/les-positions-des-acteurs-dans-le-debat-3eme-ligne\/"},"wordCount":524,"commentCount":0,"publisher":{"@id":"https:\/\/autate.fr\/site\/#organization"},"keywords":["3\u00e8me ligne de m\u00e9tro","CNDP","d\u00e9bat public"],"articleSection":["M\u00e9tro"],"inLanguage":"fr-FR","potentialAction":[{"@type":"CommentAction","name":"Comment","target":["https:\/\/autate.fr\/site\/les-positions-des-acteurs-dans-le-debat-3eme-ligne\/#respond"]}]},{"@type":"WebPage","@id":"https:\/\/autate.fr\/site\/les-positions-des-acteurs-dans-le-debat-3eme-ligne\/","url":"https:\/\/autate.fr\/site\/les-positions-des-acteurs-dans-le-debat-3eme-ligne\/","name":"Les positions des acteurs dans le d\u00e9bat 3eme ligne - AUTATE","isPartOf":{"@id":"https:\/\/autate.fr\/site\/#website"},"datePublished":"2017-01-10T15:06:38+00:00","dateModified":"2017-01-12T23:42:57+00:00","breadcrumb":{"@id":"https:\/\/autate.fr\/site\/les-positions-des-acteurs-dans-le-debat-3eme-ligne\/#breadcrumb"},"inLanguage":"fr-FR","potentialAction":[{"@type":"ReadAction","target":["https:\/\/autate.fr\/site\/les-positions-des-acteurs-dans-le-debat-3eme-ligne\/"]}]},{"@type":"BreadcrumbList","@id":"https:\/\/autate.fr\/site\/les-positions-des-acteurs-dans-le-debat-3eme-ligne\/#breadcrumb","itemListElement":[{"@type":"ListItem","position":1,"name":"Accueil","item":"https:\/\/autate.fr\/site\/"},{"@type":"ListItem","position":2,"name":"Les positions des acteurs dans le d\u00e9bat 3eme ligne"}]},{"@type":"WebSite","@id":"https:\/\/autate.fr\/site\/#website","url":"https:\/\/autate.fr\/site\/","name":"AUTATE","description":"Association des usagers des transports de l&#039;agglom\u00e9ration Toulousaine et de ses environs","publisher":{"@id":"https:\/\/autate.fr\/site\/#organization"},"potentialAction":[{"@type":"SearchAction","target":{"@type":"EntryPoint","urlTemplate":"https:\/\/autate.fr\/site\/?s={search_term_string}"},"query-input":{"@type":"PropertyValueSpecification","valueRequired":true,"valueName":"search_term_string"}}],"inLanguage":"fr-FR"},{"@type":"Organization","@id":"https:\/\/autate.fr\/site\/#organization","name":"AUTATE","url":"https:\/\/autate.fr\/site\/","logo":{"@type":"ImageObject","inLanguage":"fr-FR","@id":"https:\/\/autate.fr\/site\/#\/schema\/logo\/image\/","url":"http:\/\/autate.fr\/site\/wp-content\/uploads\/2019\/01\/logo.png","contentUrl":"http:\/\/autate.fr\/site\/wp-content\/uploads\/2019\/01\/logo.png","width":506,"height":280,"caption":"AUTATE"},"image":{"@id":"https:\/\/autate.fr\/site\/#\/schema\/logo\/image\/"},"sameAs":["https:\/\/www.facebook.com\/AutateToulouse","https:\/\/x.com\/AutateToulouse"]},{"@type":"Person","@id":"https:\/\/autate.fr\/site\/#\/schema\/person\/ae1ab8bdaa7b41d2a9b52d2557ce8254","name":"pascalbarbier","image":{"@type":"ImageObject","inLanguage":"fr-FR","@id":"https:\/\/secure.gravatar.com\/avatar\/03f4e8ced09894b72c67e83142540730d4b3bbf619bf46341b0074e3bf5f08a0?s=96&d=mm&r=g","url":"https:\/\/secure.gravatar.com\/avatar\/03f4e8ced09894b72c67e83142540730d4b3bbf619bf46341b0074e3bf5f08a0?s=96&d=mm&r=g","contentUrl":"https:\/\/secure.gravatar.com\/avatar\/03f4e8ced09894b72c67e83142540730d4b3bbf619bf46341b0074e3bf5f08a0?s=96&d=mm&r=g","caption":"pascalbarbier"},"url":"https:\/\/autate.fr\/site\/author\/pascalbarbier\/"}]}},"_links":{"self":[{"href":"https:\/\/autate.fr\/site\/wp-json\/wp\/v2\/posts\/1202","targetHints":{"allow":["GET"]}}],"collection":[{"href":"https:\/\/autate.fr\/site\/wp-json\/wp\/v2\/posts"}],"about":[{"href":"https:\/\/autate.fr\/site\/wp-json\/wp\/v2\/types\/post"}],"author":[{"embeddable":true,"href":"https:\/\/autate.fr\/site\/wp-json\/wp\/v2\/users\/1"}],"replies":[{"embeddable":true,"href":"https:\/\/autate.fr\/site\/wp-json\/wp\/v2\/comments?post=1202"}],"version-history":[{"count":12,"href":"https:\/\/autate.fr\/site\/wp-json\/wp\/v2\/posts\/1202\/revisions"}],"predecessor-version":[{"id":1220,"href":"https:\/\/autate.fr\/site\/wp-json\/wp\/v2\/posts\/1202\/revisions\/1220"}],"wp:attachment":[{"href":"https:\/\/autate.fr\/site\/wp-json\/wp\/v2\/media?parent=1202"}],"wp:term":[{"taxonomy":"category","embeddable":true,"href":"https:\/\/autate.fr\/site\/wp-json\/wp\/v2\/categories?post=1202"},{"taxonomy":"post_tag","embeddable":true,"href":"https:\/\/autate.fr\/site\/wp-json\/wp\/v2\/tags?post=1202"}],"curies":[{"name":"wp","href":"https:\/\/api.w.org\/{rel}","templated":true}]}}