{"id":1167,"date":"2016-12-31T10:34:36","date_gmt":"2016-12-31T09:34:36","guid":{"rendered":"http:\/\/autate.fr\/site\/?p=1167"},"modified":"2017-12-29T20:15:12","modified_gmt":"2017-12-29T19:15:12","slug":"pollution-de-lair-notre-lettre-au-prefet","status":"publish","type":"post","link":"https:\/\/autate.fr\/site\/pollution-de-lair-notre-lettre-au-prefet\/","title":{"rendered":"Pollution de l&rsquo;air : notre lettre au Pr\u00e9fet"},"content":{"rendered":"<p><strong><a href=\"https:\/\/autate.fr\/site\/wp-content\/uploads\/2016\/12\/Notre-lettre-au-pr\u00e9fet.pdf\">Notre lettre au pr\u00e9fet<\/a> (cliquer) <\/strong>suite aux \u00e9pisodes de pics de pollution de l&rsquo;air sur la Haute-Garonne et l&rsquo;agglom\u00e9ration toulousaine.<\/p>\n<p>&nbsp;<\/p>\n<p><a href=\"https:\/\/autate.fr\/site\/wp-content\/uploads\/2016\/12\/lettreprefet1.jpg\"><img loading=\"lazy\" decoding=\"async\" class=\"alignnone size-medium wp-image-1170\" src=\"https:\/\/autate.fr\/site\/wp-content\/uploads\/2016\/12\/lettreprefet1-209x300.jpg\" alt=\"\" width=\"209\" height=\"300\" srcset=\"https:\/\/autate.fr\/site\/wp-content\/uploads\/2016\/12\/lettreprefet1-209x300.jpg 209w, https:\/\/autate.fr\/site\/wp-content\/uploads\/2016\/12\/lettreprefet1.jpg 439w\" sizes=\"auto, (max-width: 209px) 100vw, 209px\" \/><\/a><a href=\"https:\/\/autate.fr\/site\/wp-content\/uploads\/2016\/12\/lettreauprefet2.jpg\"><img loading=\"lazy\" decoding=\"async\" class=\"alignnone size-medium wp-image-1171\" src=\"https:\/\/autate.fr\/site\/wp-content\/uploads\/2016\/12\/lettreauprefet2-213x300.jpg\" alt=\"\" width=\"213\" height=\"300\" srcset=\"https:\/\/autate.fr\/site\/wp-content\/uploads\/2016\/12\/lettreauprefet2-213x300.jpg 213w, https:\/\/autate.fr\/site\/wp-content\/uploads\/2016\/12\/lettreauprefet2.jpg 442w\" sizes=\"auto, (max-width: 213px) 100vw, 213px\" \/><\/a><\/p>\n","protected":false},"excerpt":{"rendered":"<p>Notre lettre au pr\u00e9fet (cliquer) suite aux \u00e9pisodes de pics de pollution de l&rsquo;air sur la Haute-Garonne et l&rsquo;agglom\u00e9ration toulousaine. &nbsp;<\/p>\n","protected":false},"author":1,"featured_media":0,"comment_status":"open","ping_status":"open","sticky":false,"template":"","format":"standard","meta":{"footnotes":""},"categories":[4,442],"tags":[275,274,230,272,273],"class_list":["post-1167","post","type-post","status-publish","format-standard","hentry","category-actualite-association","category-pollution","tag-gratuite","tag-pic-de-pollution","tag-pollution-de-lair","tag-prefecture","tag-prefet"],"yoast_head":"<!-- This site is optimized with the Yoast SEO plugin v27.4 - https:\/\/yoast.com\/product\/yoast-seo-wordpress\/ -->\n<title>Pollution de l&#039;air : notre lettre au Pr\u00e9fet - AUTATE<\/title>\n<meta name=\"robots\" content=\"index, follow, max-snippet:-1, max-image-preview:large, max-video-preview:-1\" \/>\n<link rel=\"canonical\" href=\"https:\/\/autate.fr\/site\/pollution-de-lair-notre-lettre-au-prefet\/\" \/>\n<meta property=\"og:locale\" content=\"fr_FR\" \/>\n<meta property=\"og:type\" content=\"article\" \/>\n<meta property=\"og:title\" content=\"Pollution de l&#039;air : notre lettre au Pr\u00e9fet - AUTATE\" \/>\n<meta property=\"og:description\" content=\"Notre lettre au pr\u00e9fet (cliquer) suite aux \u00e9pisodes de pics de pollution de l&rsquo;air sur la Haute-Garonne et l&rsquo;agglom\u00e9ration toulousaine. &nbsp;\" \/>\n<meta property=\"og:url\" content=\"https:\/\/autate.fr\/site\/pollution-de-lair-notre-lettre-au-prefet\/\" \/>\n<meta property=\"og:site_name\" content=\"AUTATE\" \/>\n<meta property=\"article:publisher\" content=\"https:\/\/www.facebook.com\/AutateToulouse\" \/>\n<meta property=\"article:published_time\" content=\"2016-12-31T09:34:36+00:00\" \/>\n<meta property=\"article:modified_time\" content=\"2017-12-29T19:15:12+00:00\" \/>\n<meta property=\"og:image\" content=\"http:\/\/autate.fr\/site\/wp-content\/uploads\/2016\/12\/lettreprefet1-209x300.jpg\" \/>\n<meta name=\"author\" content=\"pascalbarbier\" \/>\n<meta name=\"twitter:card\" content=\"summary_large_image\" \/>\n<meta name=\"twitter:creator\" content=\"@AutateToulouse\" \/>\n<meta name=\"twitter:site\" content=\"@AutateToulouse\" \/>\n<meta name=\"twitter:label1\" content=\"\u00c9crit par\" \/>\n\t<meta name=\"twitter:data1\" content=\"pascalbarbier\" \/>\n<script type=\"application\/ld+json\" class=\"yoast-schema-graph\">{\"@context\":\"https:\\\/\\\/schema.org\",\"@graph\":[{\"@type\":\"Article\",\"@id\":\"https:\\\/\\\/autate.fr\\\/site\\\/pollution-de-lair-notre-lettre-au-prefet\\\/#article\",\"isPartOf\":{\"@id\":\"https:\\\/\\\/autate.fr\\\/site\\\/pollution-de-lair-notre-lettre-au-prefet\\\/\"},\"author\":{\"name\":\"pascalbarbier\",\"@id\":\"https:\\\/\\\/autate.fr\\\/site\\\/#\\\/schema\\\/person\\\/ae1ab8bdaa7b41d2a9b52d2557ce8254\"},\"headline\":\"Pollution de l&rsquo;air : notre lettre au Pr\u00e9fet\",\"datePublished\":\"2016-12-31T09:34:36+00:00\",\"dateModified\":\"2017-12-29T19:15:12+00:00\",\"mainEntityOfPage\":{\"@id\":\"https:\\\/\\\/autate.fr\\\/site\\\/pollution-de-lair-notre-lettre-au-prefet\\\/\"},\"wordCount\":31,\"commentCount\":0,\"publisher\":{\"@id\":\"https:\\\/\\\/autate.fr\\\/site\\\/#organization\"},\"image\":{\"@id\":\"https:\\\/\\\/autate.fr\\\/site\\\/pollution-de-lair-notre-lettre-au-prefet\\\/#primaryimage\"},\"thumbnailUrl\":\"http:\\\/\\\/autate.fr\\\/site\\\/wp-content\\\/uploads\\\/2016\\\/12\\\/lettreprefet1-209x300.jpg\",\"keywords\":[\"gratuit\u00e9\",\"pic de pollution\",\"pollution de l'air\",\"pr\u00e9fecture\",\"prefet\"],\"articleSection\":[\"Actualit\u00e9s-AUTATE\",\"Pollution\"],\"inLanguage\":\"fr-FR\",\"potentialAction\":[{\"@type\":\"CommentAction\",\"name\":\"Comment\",\"target\":[\"https:\\\/\\\/autate.fr\\\/site\\\/pollution-de-lair-notre-lettre-au-prefet\\\/#respond\"]}]},{\"@type\":\"WebPage\",\"@id\":\"https:\\\/\\\/autate.fr\\\/site\\\/pollution-de-lair-notre-lettre-au-prefet\\\/\",\"url\":\"https:\\\/\\\/autate.fr\\\/site\\\/pollution-de-lair-notre-lettre-au-prefet\\\/\",\"name\":\"Pollution de l'air : notre lettre au Pr\u00e9fet - AUTATE\",\"isPartOf\":{\"@id\":\"https:\\\/\\\/autate.fr\\\/site\\\/#website\"},\"primaryImageOfPage\":{\"@id\":\"https:\\\/\\\/autate.fr\\\/site\\\/pollution-de-lair-notre-lettre-au-prefet\\\/#primaryimage\"},\"image\":{\"@id\":\"https:\\\/\\\/autate.fr\\\/site\\\/pollution-de-lair-notre-lettre-au-prefet\\\/#primaryimage\"},\"thumbnailUrl\":\"http:\\\/\\\/autate.fr\\\/site\\\/wp-content\\\/uploads\\\/2016\\\/12\\\/lettreprefet1-209x300.jpg\",\"datePublished\":\"2016-12-31T09:34:36+00:00\",\"dateModified\":\"2017-12-29T19:15:12+00:00\",\"breadcrumb\":{\"@id\":\"https:\\\/\\\/autate.fr\\\/site\\\/pollution-de-lair-notre-lettre-au-prefet\\\/#breadcrumb\"},\"inLanguage\":\"fr-FR\",\"potentialAction\":[{\"@type\":\"ReadAction\",\"target\":[\"https:\\\/\\\/autate.fr\\\/site\\\/pollution-de-lair-notre-lettre-au-prefet\\\/\"]}]},{\"@type\":\"ImageObject\",\"inLanguage\":\"fr-FR\",\"@id\":\"https:\\\/\\\/autate.fr\\\/site\\\/pollution-de-lair-notre-lettre-au-prefet\\\/#primaryimage\",\"url\":\"https:\\\/\\\/autate.fr\\\/site\\\/wp-content\\\/uploads\\\/2016\\\/12\\\/lettreprefet1.jpg\",\"contentUrl\":\"https:\\\/\\\/autate.fr\\\/site\\\/wp-content\\\/uploads\\\/2016\\\/12\\\/lettreprefet1.jpg\",\"width\":439,\"height\":630},{\"@type\":\"BreadcrumbList\",\"@id\":\"https:\\\/\\\/autate.fr\\\/site\\\/pollution-de-lair-notre-lettre-au-prefet\\\/#breadcrumb\",\"itemListElement\":[{\"@type\":\"ListItem\",\"position\":1,\"name\":\"Accueil\",\"item\":\"https:\\\/\\\/autate.fr\\\/site\\\/\"},{\"@type\":\"ListItem\",\"position\":2,\"name\":\"Pollution de l&rsquo;air : notre lettre au Pr\u00e9fet\"}]},{\"@type\":\"WebSite\",\"@id\":\"https:\\\/\\\/autate.fr\\\/site\\\/#website\",\"url\":\"https:\\\/\\\/autate.fr\\\/site\\\/\",\"name\":\"AUTATE\",\"description\":\"Association des usagers des transports de l&#039;agglom\u00e9ration Toulousaine et de ses environs\",\"publisher\":{\"@id\":\"https:\\\/\\\/autate.fr\\\/site\\\/#organization\"},\"potentialAction\":[{\"@type\":\"SearchAction\",\"target\":{\"@type\":\"EntryPoint\",\"urlTemplate\":\"https:\\\/\\\/autate.fr\\\/site\\\/?s={search_term_string}\"},\"query-input\":{\"@type\":\"PropertyValueSpecification\",\"valueRequired\":true,\"valueName\":\"search_term_string\"}}],\"inLanguage\":\"fr-FR\"},{\"@type\":\"Organization\",\"@id\":\"https:\\\/\\\/autate.fr\\\/site\\\/#organization\",\"name\":\"AUTATE\",\"url\":\"https:\\\/\\\/autate.fr\\\/site\\\/\",\"logo\":{\"@type\":\"ImageObject\",\"inLanguage\":\"fr-FR\",\"@id\":\"https:\\\/\\\/autate.fr\\\/site\\\/#\\\/schema\\\/logo\\\/image\\\/\",\"url\":\"http:\\\/\\\/autate.fr\\\/site\\\/wp-content\\\/uploads\\\/2019\\\/01\\\/logo.png\",\"contentUrl\":\"http:\\\/\\\/autate.fr\\\/site\\\/wp-content\\\/uploads\\\/2019\\\/01\\\/logo.png\",\"width\":506,\"height\":280,\"caption\":\"AUTATE\"},\"image\":{\"@id\":\"https:\\\/\\\/autate.fr\\\/site\\\/#\\\/schema\\\/logo\\\/image\\\/\"},\"sameAs\":[\"https:\\\/\\\/www.facebook.com\\\/AutateToulouse\",\"https:\\\/\\\/x.com\\\/AutateToulouse\"]},{\"@type\":\"Person\",\"@id\":\"https:\\\/\\\/autate.fr\\\/site\\\/#\\\/schema\\\/person\\\/ae1ab8bdaa7b41d2a9b52d2557ce8254\",\"name\":\"pascalbarbier\",\"image\":{\"@type\":\"ImageObject\",\"inLanguage\":\"fr-FR\",\"@id\":\"https:\\\/\\\/secure.gravatar.com\\\/avatar\\\/03f4e8ced09894b72c67e83142540730d4b3bbf619bf46341b0074e3bf5f08a0?s=96&d=mm&r=g\",\"url\":\"https:\\\/\\\/secure.gravatar.com\\\/avatar\\\/03f4e8ced09894b72c67e83142540730d4b3bbf619bf46341b0074e3bf5f08a0?s=96&d=mm&r=g\",\"contentUrl\":\"https:\\\/\\\/secure.gravatar.com\\\/avatar\\\/03f4e8ced09894b72c67e83142540730d4b3bbf619bf46341b0074e3bf5f08a0?s=96&d=mm&r=g\",\"caption\":\"pascalbarbier\"},\"url\":\"https:\\\/\\\/autate.fr\\\/site\\\/author\\\/pascalbarbier\\\/\"}]}<\/script>\n<!-- \/ Yoast SEO plugin. -->","yoast_head_json":{"title":"Pollution de l'air : notre lettre au Pr\u00e9fet - AUTATE","robots":{"index":"index","follow":"follow","max-snippet":"max-snippet:-1","max-image-preview":"max-image-preview:large","max-video-preview":"max-video-preview:-1"},"canonical":"https:\/\/autate.fr\/site\/pollution-de-lair-notre-lettre-au-prefet\/","og_locale":"fr_FR","og_type":"article","og_title":"Pollution de l'air : notre lettre au Pr\u00e9fet - AUTATE","og_description":"Notre lettre au pr\u00e9fet (cliquer) suite aux \u00e9pisodes de pics de pollution de l&rsquo;air sur la Haute-Garonne et l&rsquo;agglom\u00e9ration toulousaine. &nbsp;","og_url":"https:\/\/autate.fr\/site\/pollution-de-lair-notre-lettre-au-prefet\/","og_site_name":"AUTATE","article_publisher":"https:\/\/www.facebook.com\/AutateToulouse","article_published_time":"2016-12-31T09:34:36+00:00","article_modified_time":"2017-12-29T19:15:12+00:00","og_image":[{"url":"http:\/\/autate.fr\/site\/wp-content\/uploads\/2016\/12\/lettreprefet1-209x300.jpg","type":"","width":"","height":""}],"author":"pascalbarbier","twitter_card":"summary_large_image","twitter_creator":"@AutateToulouse","twitter_site":"@AutateToulouse","twitter_misc":{"\u00c9crit par":"pascalbarbier"},"schema":{"@context":"https:\/\/schema.org","@graph":[{"@type":"Article","@id":"https:\/\/autate.fr\/site\/pollution-de-lair-notre-lettre-au-prefet\/#article","isPartOf":{"@id":"https:\/\/autate.fr\/site\/pollution-de-lair-notre-lettre-au-prefet\/"},"author":{"name":"pascalbarbier","@id":"https:\/\/autate.fr\/site\/#\/schema\/person\/ae1ab8bdaa7b41d2a9b52d2557ce8254"},"headline":"Pollution de l&rsquo;air : notre lettre au Pr\u00e9fet","datePublished":"2016-12-31T09:34:36+00:00","dateModified":"2017-12-29T19:15:12+00:00","mainEntityOfPage":{"@id":"https:\/\/autate.fr\/site\/pollution-de-lair-notre-lettre-au-prefet\/"},"wordCount":31,"commentCount":0,"publisher":{"@id":"https:\/\/autate.fr\/site\/#organization"},"image":{"@id":"https:\/\/autate.fr\/site\/pollution-de-lair-notre-lettre-au-prefet\/#primaryimage"},"thumbnailUrl":"http:\/\/autate.fr\/site\/wp-content\/uploads\/2016\/12\/lettreprefet1-209x300.jpg","keywords":["gratuit\u00e9","pic de pollution","pollution de l'air","pr\u00e9fecture","prefet"],"articleSection":["Actualit\u00e9s-AUTATE","Pollution"],"inLanguage":"fr-FR","potentialAction":[{"@type":"CommentAction","name":"Comment","target":["https:\/\/autate.fr\/site\/pollution-de-lair-notre-lettre-au-prefet\/#respond"]}]},{"@type":"WebPage","@id":"https:\/\/autate.fr\/site\/pollution-de-lair-notre-lettre-au-prefet\/","url":"https:\/\/autate.fr\/site\/pollution-de-lair-notre-lettre-au-prefet\/","name":"Pollution de l'air : notre lettre au Pr\u00e9fet - AUTATE","isPartOf":{"@id":"https:\/\/autate.fr\/site\/#website"},"primaryImageOfPage":{"@id":"https:\/\/autate.fr\/site\/pollution-de-lair-notre-lettre-au-prefet\/#primaryimage"},"image":{"@id":"https:\/\/autate.fr\/site\/pollution-de-lair-notre-lettre-au-prefet\/#primaryimage"},"thumbnailUrl":"http:\/\/autate.fr\/site\/wp-content\/uploads\/2016\/12\/lettreprefet1-209x300.jpg","datePublished":"2016-12-31T09:34:36+00:00","dateModified":"2017-12-29T19:15:12+00:00","breadcrumb":{"@id":"https:\/\/autate.fr\/site\/pollution-de-lair-notre-lettre-au-prefet\/#breadcrumb"},"inLanguage":"fr-FR","potentialAction":[{"@type":"ReadAction","target":["https:\/\/autate.fr\/site\/pollution-de-lair-notre-lettre-au-prefet\/"]}]},{"@type":"ImageObject","inLanguage":"fr-FR","@id":"https:\/\/autate.fr\/site\/pollution-de-lair-notre-lettre-au-prefet\/#primaryimage","url":"https:\/\/autate.fr\/site\/wp-content\/uploads\/2016\/12\/lettreprefet1.jpg","contentUrl":"https:\/\/autate.fr\/site\/wp-content\/uploads\/2016\/12\/lettreprefet1.jpg","width":439,"height":630},{"@type":"BreadcrumbList","@id":"https:\/\/autate.fr\/site\/pollution-de-lair-notre-lettre-au-prefet\/#breadcrumb","itemListElement":[{"@type":"ListItem","position":1,"name":"Accueil","item":"https:\/\/autate.fr\/site\/"},{"@type":"ListItem","position":2,"name":"Pollution de l&rsquo;air : notre lettre au Pr\u00e9fet"}]},{"@type":"WebSite","@id":"https:\/\/autate.fr\/site\/#website","url":"https:\/\/autate.fr\/site\/","name":"AUTATE","description":"Association des usagers des transports de l&#039;agglom\u00e9ration Toulousaine et de ses environs","publisher":{"@id":"https:\/\/autate.fr\/site\/#organization"},"potentialAction":[{"@type":"SearchAction","target":{"@type":"EntryPoint","urlTemplate":"https:\/\/autate.fr\/site\/?s={search_term_string}"},"query-input":{"@type":"PropertyValueSpecification","valueRequired":true,"valueName":"search_term_string"}}],"inLanguage":"fr-FR"},{"@type":"Organization","@id":"https:\/\/autate.fr\/site\/#organization","name":"AUTATE","url":"https:\/\/autate.fr\/site\/","logo":{"@type":"ImageObject","inLanguage":"fr-FR","@id":"https:\/\/autate.fr\/site\/#\/schema\/logo\/image\/","url":"http:\/\/autate.fr\/site\/wp-content\/uploads\/2019\/01\/logo.png","contentUrl":"http:\/\/autate.fr\/site\/wp-content\/uploads\/2019\/01\/logo.png","width":506,"height":280,"caption":"AUTATE"},"image":{"@id":"https:\/\/autate.fr\/site\/#\/schema\/logo\/image\/"},"sameAs":["https:\/\/www.facebook.com\/AutateToulouse","https:\/\/x.com\/AutateToulouse"]},{"@type":"Person","@id":"https:\/\/autate.fr\/site\/#\/schema\/person\/ae1ab8bdaa7b41d2a9b52d2557ce8254","name":"pascalbarbier","image":{"@type":"ImageObject","inLanguage":"fr-FR","@id":"https:\/\/secure.gravatar.com\/avatar\/03f4e8ced09894b72c67e83142540730d4b3bbf619bf46341b0074e3bf5f08a0?s=96&d=mm&r=g","url":"https:\/\/secure.gravatar.com\/avatar\/03f4e8ced09894b72c67e83142540730d4b3bbf619bf46341b0074e3bf5f08a0?s=96&d=mm&r=g","contentUrl":"https:\/\/secure.gravatar.com\/avatar\/03f4e8ced09894b72c67e83142540730d4b3bbf619bf46341b0074e3bf5f08a0?s=96&d=mm&r=g","caption":"pascalbarbier"},"url":"https:\/\/autate.fr\/site\/author\/pascalbarbier\/"}]}},"_links":{"self":[{"href":"https:\/\/autate.fr\/site\/wp-json\/wp\/v2\/posts\/1167","targetHints":{"allow":["GET"]}}],"collection":[{"href":"https:\/\/autate.fr\/site\/wp-json\/wp\/v2\/posts"}],"about":[{"href":"https:\/\/autate.fr\/site\/wp-json\/wp\/v2\/types\/post"}],"author":[{"embeddable":true,"href":"https:\/\/autate.fr\/site\/wp-json\/wp\/v2\/users\/1"}],"replies":[{"embeddable":true,"href":"https:\/\/autate.fr\/site\/wp-json\/wp\/v2\/comments?post=1167"}],"version-history":[{"count":3,"href":"https:\/\/autate.fr\/site\/wp-json\/wp\/v2\/posts\/1167\/revisions"}],"predecessor-version":[{"id":1173,"href":"https:\/\/autate.fr\/site\/wp-json\/wp\/v2\/posts\/1167\/revisions\/1173"}],"wp:attachment":[{"href":"https:\/\/autate.fr\/site\/wp-json\/wp\/v2\/media?parent=1167"}],"wp:term":[{"taxonomy":"category","embeddable":true,"href":"https:\/\/autate.fr\/site\/wp-json\/wp\/v2\/categories?post=1167"},{"taxonomy":"post_tag","embeddable":true,"href":"https:\/\/autate.fr\/site\/wp-json\/wp\/v2\/tags?post=1167"}],"curies":[{"name":"wp","href":"https:\/\/api.w.org\/{rel}","templated":true}]}}