{"id":1148,"date":"2016-12-21T10:46:14","date_gmt":"2016-12-21T09:46:14","guid":{"rendered":"http:\/\/autate.fr\/site\/?p=1148"},"modified":"2016-12-21T10:46:14","modified_gmt":"2016-12-21T09:46:14","slug":"la-depeche-la-troisieme-ligne-de-metro-ne-doit-pas-oublier-lequilibre-de-lagglomeration","status":"publish","type":"post","link":"https:\/\/autate.fr\/site\/la-depeche-la-troisieme-ligne-de-metro-ne-doit-pas-oublier-lequilibre-de-lagglomeration\/","title":{"rendered":"[La D\u00e9p\u00eache] La troisi\u00e8me ligne de m\u00e9tro ne doit pas oublier l&rsquo;\u00e9quilibre de l&rsquo;agglom\u00e9ration"},"content":{"rendered":"<div class=\"p402_premium\">\n<p>Un article de Gilles-R. Souill\u00e9s paru dans la d\u00e9p\u00eache du midi le 21\/12\/2016<\/p>\n<p>Le d\u00e9bat sur la troisi\u00e8me ligne de m\u00e9tro s&rsquo;est achev\u00e9 en fin de semaine pass\u00e9e, avec les conclusions pr\u00e9liminaires de la Commission Particuli\u00e8re du D\u00e9bat Public (CPDP) charg\u00e9e de l&rsquo;organiser. Si tout le monde se f\u00e9licite du grand succ\u00e8s d\u00e9mocratique de la consultation, tant par le nombre de participants que d&rsquo;avis d\u00e9pos\u00e9s, la pertinence du projet est sujette \u00e0 des critiques, concernant notamment la n\u00e9cessit\u00e9 d&rsquo;un v\u00e9ritable r\u00e9seau de transports publics pens\u00e9 \u00e0 l&rsquo;\u00e9chelle de l&rsquo;agglom\u00e9ration et ne d\u00e9pendant pas exclusivement du m\u00e9tro. \u00abFace \u00e0 la congestion routi\u00e8re, les citoyens ont bien per\u00e7u l&rsquo;urgence de ce d\u00e9bat, souligne Europe-Ecologie-les-Verts (EELV). Si la plupart voient dans le m\u00e9tro un moyen de transport rapide et de bonne capacit\u00e9, un certain nombre de contradictions ont \u00e9t\u00e9 mises en \u00e9vidence, qui ne permettent pas de poursuivre le projet tel que propos\u00e9 jusqu&rsquo;\u00e0 pr\u00e9sent par le SMTC-Tiss\u00e9o\u00bb. Parmi les probl\u00e8mes soulev\u00e9s par la consultation et les Verts, le d\u00e9s\u00e9quilibre territorial entre <a href=\"http:\/\/www.ladepeche.fr\/communes\/toulouse,31555.html\">Toulouse<\/a> et les communes de la m\u00e9tropole, notamment \u00e0 l&rsquo;ouest o\u00f9 des communes comme Tournefeuille se sentent un peu oubli\u00e9es, malgr\u00e9 le projet de ligne de bus Lin\u00e9o3 et l&rsquo;hypoth\u00e9tique prolongement de la ligne A du m\u00e9tro, qui n&rsquo;est pas pour demain. Sans parler de la (non) jonction de la troisi\u00e8me ligne avec l&rsquo;a\u00e9roport\u2026 \u00abLa participation citoyenne a montr\u00e9 la volont\u00e9 d&rsquo;un v\u00e9ritable maillage de notre aire urbaine en transports publics\u00bb, estime les \u00e9cologistes qui \u00e9mettent des doutes \u00absur les probl\u00e8mes pos\u00e9s par les 40 % du trac\u00e9 du m\u00e9tro pr\u00e9vus en a\u00e9rien\u00bb, en insistant sur des solutions alternatives : r\u00e9seau de bus avec voies d\u00e9di\u00e9es, tramway, utilisation de l&rsquo;\u00e9toile ferroviaire, d\u00e9veloppement de voies pi\u00e9tonnes et cyclables, prolongement des lignes de m\u00e9tro existantes, mais aussi, pourquoi pas imaginer un trac\u00e9 alternatif pour la troisi\u00e8me\u2026 Les Verts s&rsquo;inqui\u00e8tent surtout du d\u00e9veloppement urbain et de la densification de l&rsquo;habitat autour du trac\u00e9 propos\u00e9. \u00abIl faut mener \u00e0 bien le d\u00e9bat sur l&rsquo;urbanisme avant tout, puis apporter les r\u00e9ponses en mati\u00e8re de mobilit\u00e9s\u00bb, assurent-ils en plaidant pour une consultation \u00e0 l&rsquo;\u00e9chelle de l&rsquo;agglom\u00e9ration sur les questions d&rsquo;am\u00e9nagement du territoire. \u00abIl n&rsquo;est pas d&rsquo;autre voie possible pour que notre agglom\u00e9ration puisse devenir un jour moderne, fluide et apais\u00e9e\u00bb, concluent-ils. Ce qui reste, in fine, l&rsquo;enjeu principal. L&rsquo;association des usagers(e) s des transports de l&rsquo;agglom\u00e9ration Toulousaine et de ses environs (AUTATE), rel\u00e8ve aussi la qualit\u00e9 du d\u00e9bat, mais constate que le travail de la commission a mis en \u00e9vidence une fracture. \u00abLes d\u00e9cideurs \u00e9conomiques et les politiques sont pour la troisi\u00e8me ligne de m\u00e9tro alors que les usagers sont plut\u00f4t contre. C&rsquo;est David contre Goliath\u00bb, explique Marie-Pierre B\u00e8s, la pr\u00e9sidente, qui milite pour un r\u00e9seau de transports publics global, du train au v\u00e9lo et desservant les zones d&#8217;emplois et de r\u00e9sidence, \u00e0 l&rsquo;\u00e9chelle de l&rsquo;agglom\u00e9ration. Pour 2,1 milliards, le co\u00fbt estim\u00e9 de la troisi\u00e8me ligne, il y a sans doute de quoi trouver des solutions.<\/p>\n<div id=\"pub_dfp_article\" class=\"pub \" data-google-query-id=\"CMDjg6X9hNECFYgw0wodrtkAvw\"><\/div>\n<\/div>\n<div class=\"article_author\"><\/div>\n","protected":false},"excerpt":{"rendered":"<p>Un article de Gilles-R. Souill\u00e9s paru dans la d\u00e9p\u00eache du midi le 21\/12\/2016 Le d\u00e9bat sur la troisi\u00e8me ligne de m\u00e9tro s&rsquo;est achev\u00e9 en fin de semaine pass\u00e9e, avec les conclusions pr\u00e9liminaires de la Commission Particuli\u00e8re du D\u00e9bat Public (CPDP) charg\u00e9e de l&rsquo;organiser. Si tout le monde se f\u00e9licite du grand succ\u00e8s d\u00e9mocratique de la<\/p>\n<p class=\"more-link\"><a href=\"https:\/\/autate.fr\/site\/la-depeche-la-troisieme-ligne-de-metro-ne-doit-pas-oublier-lequilibre-de-lagglomeration\/\" class=\"themebutton2\">VOIR PLUS<\/a><\/p>\n","protected":false},"author":1,"featured_media":0,"comment_status":"open","ping_status":"open","sticky":false,"template":"","format":"standard","meta":{"footnotes":""},"categories":[7],"tags":[30,173,224],"class_list":["post-1148","post","type-post","status-publish","format-standard","hentry","category-revue-de-presse","tag-3eme-ligne","tag-cndp","tag-debat-public"],"yoast_head":"<!-- This site is optimized with the Yoast SEO plugin v27.4 - https:\/\/yoast.com\/product\/yoast-seo-wordpress\/ -->\n<title>[La D\u00e9p\u00eache] La troisi\u00e8me ligne de m\u00e9tro ne doit pas oublier l&#039;\u00e9quilibre de l&#039;agglom\u00e9ration - AUTATE<\/title>\n<meta name=\"robots\" content=\"index, follow, max-snippet:-1, max-image-preview:large, max-video-preview:-1\" \/>\n<link rel=\"canonical\" href=\"https:\/\/autate.fr\/site\/la-depeche-la-troisieme-ligne-de-metro-ne-doit-pas-oublier-lequilibre-de-lagglomeration\/\" \/>\n<meta property=\"og:locale\" content=\"fr_FR\" \/>\n<meta property=\"og:type\" content=\"article\" \/>\n<meta property=\"og:title\" content=\"[La D\u00e9p\u00eache] La troisi\u00e8me ligne de m\u00e9tro ne doit pas oublier l&#039;\u00e9quilibre de l&#039;agglom\u00e9ration - AUTATE\" \/>\n<meta property=\"og:description\" content=\"Un article de Gilles-R. Souill\u00e9s paru dans la d\u00e9p\u00eache du midi le 21\/12\/2016 Le d\u00e9bat sur la troisi\u00e8me ligne de m\u00e9tro s&rsquo;est achev\u00e9 en fin de semaine pass\u00e9e, avec les conclusions pr\u00e9liminaires de la Commission Particuli\u00e8re du D\u00e9bat Public (CPDP) charg\u00e9e de l&rsquo;organiser. Si tout le monde se f\u00e9licite du grand succ\u00e8s d\u00e9mocratique de laVOIR PLUS\" \/>\n<meta property=\"og:url\" content=\"https:\/\/autate.fr\/site\/la-depeche-la-troisieme-ligne-de-metro-ne-doit-pas-oublier-lequilibre-de-lagglomeration\/\" \/>\n<meta property=\"og:site_name\" content=\"AUTATE\" \/>\n<meta property=\"article:publisher\" content=\"https:\/\/www.facebook.com\/AutateToulouse\" \/>\n<meta property=\"article:published_time\" content=\"2016-12-21T09:46:14+00:00\" \/>\n<meta name=\"author\" content=\"pascalbarbier\" \/>\n<meta name=\"twitter:card\" content=\"summary_large_image\" \/>\n<meta name=\"twitter:creator\" content=\"@AutateToulouse\" \/>\n<meta name=\"twitter:site\" content=\"@AutateToulouse\" \/>\n<meta name=\"twitter:label1\" content=\"\u00c9crit par\" \/>\n\t<meta name=\"twitter:data1\" content=\"pascalbarbier\" \/>\n\t<meta name=\"twitter:label2\" content=\"Dur\u00e9e de lecture estim\u00e9e\" \/>\n\t<meta name=\"twitter:data2\" content=\"3 minutes\" \/>\n<script type=\"application\/ld+json\" class=\"yoast-schema-graph\">{\"@context\":\"https:\\\/\\\/schema.org\",\"@graph\":[{\"@type\":\"Article\",\"@id\":\"https:\\\/\\\/autate.fr\\\/site\\\/la-depeche-la-troisieme-ligne-de-metro-ne-doit-pas-oublier-lequilibre-de-lagglomeration\\\/#article\",\"isPartOf\":{\"@id\":\"https:\\\/\\\/autate.fr\\\/site\\\/la-depeche-la-troisieme-ligne-de-metro-ne-doit-pas-oublier-lequilibre-de-lagglomeration\\\/\"},\"author\":{\"name\":\"pascalbarbier\",\"@id\":\"https:\\\/\\\/autate.fr\\\/site\\\/#\\\/schema\\\/person\\\/ae1ab8bdaa7b41d2a9b52d2557ce8254\"},\"headline\":\"[La D\u00e9p\u00eache] La troisi\u00e8me ligne de m\u00e9tro ne doit pas oublier l&rsquo;\u00e9quilibre de l&rsquo;agglom\u00e9ration\",\"datePublished\":\"2016-12-21T09:46:14+00:00\",\"mainEntityOfPage\":{\"@id\":\"https:\\\/\\\/autate.fr\\\/site\\\/la-depeche-la-troisieme-ligne-de-metro-ne-doit-pas-oublier-lequilibre-de-lagglomeration\\\/\"},\"wordCount\":579,\"commentCount\":0,\"publisher\":{\"@id\":\"https:\\\/\\\/autate.fr\\\/site\\\/#organization\"},\"keywords\":[\"3\u00e8me ligne\",\"CNDP\",\"d\u00e9bat public\"],\"articleSection\":[\"Revue de presse\"],\"inLanguage\":\"fr-FR\",\"potentialAction\":[{\"@type\":\"CommentAction\",\"name\":\"Comment\",\"target\":[\"https:\\\/\\\/autate.fr\\\/site\\\/la-depeche-la-troisieme-ligne-de-metro-ne-doit-pas-oublier-lequilibre-de-lagglomeration\\\/#respond\"]}]},{\"@type\":\"WebPage\",\"@id\":\"https:\\\/\\\/autate.fr\\\/site\\\/la-depeche-la-troisieme-ligne-de-metro-ne-doit-pas-oublier-lequilibre-de-lagglomeration\\\/\",\"url\":\"https:\\\/\\\/autate.fr\\\/site\\\/la-depeche-la-troisieme-ligne-de-metro-ne-doit-pas-oublier-lequilibre-de-lagglomeration\\\/\",\"name\":\"[La D\u00e9p\u00eache] La troisi\u00e8me ligne de m\u00e9tro ne doit pas oublier l'\u00e9quilibre de l'agglom\u00e9ration - AUTATE\",\"isPartOf\":{\"@id\":\"https:\\\/\\\/autate.fr\\\/site\\\/#website\"},\"datePublished\":\"2016-12-21T09:46:14+00:00\",\"breadcrumb\":{\"@id\":\"https:\\\/\\\/autate.fr\\\/site\\\/la-depeche-la-troisieme-ligne-de-metro-ne-doit-pas-oublier-lequilibre-de-lagglomeration\\\/#breadcrumb\"},\"inLanguage\":\"fr-FR\",\"potentialAction\":[{\"@type\":\"ReadAction\",\"target\":[\"https:\\\/\\\/autate.fr\\\/site\\\/la-depeche-la-troisieme-ligne-de-metro-ne-doit-pas-oublier-lequilibre-de-lagglomeration\\\/\"]}]},{\"@type\":\"BreadcrumbList\",\"@id\":\"https:\\\/\\\/autate.fr\\\/site\\\/la-depeche-la-troisieme-ligne-de-metro-ne-doit-pas-oublier-lequilibre-de-lagglomeration\\\/#breadcrumb\",\"itemListElement\":[{\"@type\":\"ListItem\",\"position\":1,\"name\":\"Accueil\",\"item\":\"https:\\\/\\\/autate.fr\\\/site\\\/\"},{\"@type\":\"ListItem\",\"position\":2,\"name\":\"[La D\u00e9p\u00eache] La troisi\u00e8me ligne de m\u00e9tro ne doit pas oublier l&rsquo;\u00e9quilibre de l&rsquo;agglom\u00e9ration\"}]},{\"@type\":\"WebSite\",\"@id\":\"https:\\\/\\\/autate.fr\\\/site\\\/#website\",\"url\":\"https:\\\/\\\/autate.fr\\\/site\\\/\",\"name\":\"AUTATE\",\"description\":\"Association des usagers des transports de l&#039;agglom\u00e9ration Toulousaine et de ses environs\",\"publisher\":{\"@id\":\"https:\\\/\\\/autate.fr\\\/site\\\/#organization\"},\"potentialAction\":[{\"@type\":\"SearchAction\",\"target\":{\"@type\":\"EntryPoint\",\"urlTemplate\":\"https:\\\/\\\/autate.fr\\\/site\\\/?s={search_term_string}\"},\"query-input\":{\"@type\":\"PropertyValueSpecification\",\"valueRequired\":true,\"valueName\":\"search_term_string\"}}],\"inLanguage\":\"fr-FR\"},{\"@type\":\"Organization\",\"@id\":\"https:\\\/\\\/autate.fr\\\/site\\\/#organization\",\"name\":\"AUTATE\",\"url\":\"https:\\\/\\\/autate.fr\\\/site\\\/\",\"logo\":{\"@type\":\"ImageObject\",\"inLanguage\":\"fr-FR\",\"@id\":\"https:\\\/\\\/autate.fr\\\/site\\\/#\\\/schema\\\/logo\\\/image\\\/\",\"url\":\"http:\\\/\\\/autate.fr\\\/site\\\/wp-content\\\/uploads\\\/2019\\\/01\\\/logo.png\",\"contentUrl\":\"http:\\\/\\\/autate.fr\\\/site\\\/wp-content\\\/uploads\\\/2019\\\/01\\\/logo.png\",\"width\":506,\"height\":280,\"caption\":\"AUTATE\"},\"image\":{\"@id\":\"https:\\\/\\\/autate.fr\\\/site\\\/#\\\/schema\\\/logo\\\/image\\\/\"},\"sameAs\":[\"https:\\\/\\\/www.facebook.com\\\/AutateToulouse\",\"https:\\\/\\\/x.com\\\/AutateToulouse\"]},{\"@type\":\"Person\",\"@id\":\"https:\\\/\\\/autate.fr\\\/site\\\/#\\\/schema\\\/person\\\/ae1ab8bdaa7b41d2a9b52d2557ce8254\",\"name\":\"pascalbarbier\",\"image\":{\"@type\":\"ImageObject\",\"inLanguage\":\"fr-FR\",\"@id\":\"https:\\\/\\\/secure.gravatar.com\\\/avatar\\\/03f4e8ced09894b72c67e83142540730d4b3bbf619bf46341b0074e3bf5f08a0?s=96&d=mm&r=g\",\"url\":\"https:\\\/\\\/secure.gravatar.com\\\/avatar\\\/03f4e8ced09894b72c67e83142540730d4b3bbf619bf46341b0074e3bf5f08a0?s=96&d=mm&r=g\",\"contentUrl\":\"https:\\\/\\\/secure.gravatar.com\\\/avatar\\\/03f4e8ced09894b72c67e83142540730d4b3bbf619bf46341b0074e3bf5f08a0?s=96&d=mm&r=g\",\"caption\":\"pascalbarbier\"},\"url\":\"https:\\\/\\\/autate.fr\\\/site\\\/author\\\/pascalbarbier\\\/\"}]}<\/script>\n<!-- \/ Yoast SEO plugin. -->","yoast_head_json":{"title":"[La D\u00e9p\u00eache] La troisi\u00e8me ligne de m\u00e9tro ne doit pas oublier l'\u00e9quilibre de l'agglom\u00e9ration - AUTATE","robots":{"index":"index","follow":"follow","max-snippet":"max-snippet:-1","max-image-preview":"max-image-preview:large","max-video-preview":"max-video-preview:-1"},"canonical":"https:\/\/autate.fr\/site\/la-depeche-la-troisieme-ligne-de-metro-ne-doit-pas-oublier-lequilibre-de-lagglomeration\/","og_locale":"fr_FR","og_type":"article","og_title":"[La D\u00e9p\u00eache] La troisi\u00e8me ligne de m\u00e9tro ne doit pas oublier l'\u00e9quilibre de l'agglom\u00e9ration - AUTATE","og_description":"Un article de Gilles-R. Souill\u00e9s paru dans la d\u00e9p\u00eache du midi le 21\/12\/2016 Le d\u00e9bat sur la troisi\u00e8me ligne de m\u00e9tro s&rsquo;est achev\u00e9 en fin de semaine pass\u00e9e, avec les conclusions pr\u00e9liminaires de la Commission Particuli\u00e8re du D\u00e9bat Public (CPDP) charg\u00e9e de l&rsquo;organiser. Si tout le monde se f\u00e9licite du grand succ\u00e8s d\u00e9mocratique de laVOIR PLUS","og_url":"https:\/\/autate.fr\/site\/la-depeche-la-troisieme-ligne-de-metro-ne-doit-pas-oublier-lequilibre-de-lagglomeration\/","og_site_name":"AUTATE","article_publisher":"https:\/\/www.facebook.com\/AutateToulouse","article_published_time":"2016-12-21T09:46:14+00:00","author":"pascalbarbier","twitter_card":"summary_large_image","twitter_creator":"@AutateToulouse","twitter_site":"@AutateToulouse","twitter_misc":{"\u00c9crit par":"pascalbarbier","Dur\u00e9e de lecture estim\u00e9e":"3 minutes"},"schema":{"@context":"https:\/\/schema.org","@graph":[{"@type":"Article","@id":"https:\/\/autate.fr\/site\/la-depeche-la-troisieme-ligne-de-metro-ne-doit-pas-oublier-lequilibre-de-lagglomeration\/#article","isPartOf":{"@id":"https:\/\/autate.fr\/site\/la-depeche-la-troisieme-ligne-de-metro-ne-doit-pas-oublier-lequilibre-de-lagglomeration\/"},"author":{"name":"pascalbarbier","@id":"https:\/\/autate.fr\/site\/#\/schema\/person\/ae1ab8bdaa7b41d2a9b52d2557ce8254"},"headline":"[La D\u00e9p\u00eache] La troisi\u00e8me ligne de m\u00e9tro ne doit pas oublier l&rsquo;\u00e9quilibre de l&rsquo;agglom\u00e9ration","datePublished":"2016-12-21T09:46:14+00:00","mainEntityOfPage":{"@id":"https:\/\/autate.fr\/site\/la-depeche-la-troisieme-ligne-de-metro-ne-doit-pas-oublier-lequilibre-de-lagglomeration\/"},"wordCount":579,"commentCount":0,"publisher":{"@id":"https:\/\/autate.fr\/site\/#organization"},"keywords":["3\u00e8me ligne","CNDP","d\u00e9bat public"],"articleSection":["Revue de presse"],"inLanguage":"fr-FR","potentialAction":[{"@type":"CommentAction","name":"Comment","target":["https:\/\/autate.fr\/site\/la-depeche-la-troisieme-ligne-de-metro-ne-doit-pas-oublier-lequilibre-de-lagglomeration\/#respond"]}]},{"@type":"WebPage","@id":"https:\/\/autate.fr\/site\/la-depeche-la-troisieme-ligne-de-metro-ne-doit-pas-oublier-lequilibre-de-lagglomeration\/","url":"https:\/\/autate.fr\/site\/la-depeche-la-troisieme-ligne-de-metro-ne-doit-pas-oublier-lequilibre-de-lagglomeration\/","name":"[La D\u00e9p\u00eache] La troisi\u00e8me ligne de m\u00e9tro ne doit pas oublier l'\u00e9quilibre de l'agglom\u00e9ration - AUTATE","isPartOf":{"@id":"https:\/\/autate.fr\/site\/#website"},"datePublished":"2016-12-21T09:46:14+00:00","breadcrumb":{"@id":"https:\/\/autate.fr\/site\/la-depeche-la-troisieme-ligne-de-metro-ne-doit-pas-oublier-lequilibre-de-lagglomeration\/#breadcrumb"},"inLanguage":"fr-FR","potentialAction":[{"@type":"ReadAction","target":["https:\/\/autate.fr\/site\/la-depeche-la-troisieme-ligne-de-metro-ne-doit-pas-oublier-lequilibre-de-lagglomeration\/"]}]},{"@type":"BreadcrumbList","@id":"https:\/\/autate.fr\/site\/la-depeche-la-troisieme-ligne-de-metro-ne-doit-pas-oublier-lequilibre-de-lagglomeration\/#breadcrumb","itemListElement":[{"@type":"ListItem","position":1,"name":"Accueil","item":"https:\/\/autate.fr\/site\/"},{"@type":"ListItem","position":2,"name":"[La D\u00e9p\u00eache] La troisi\u00e8me ligne de m\u00e9tro ne doit pas oublier l&rsquo;\u00e9quilibre de l&rsquo;agglom\u00e9ration"}]},{"@type":"WebSite","@id":"https:\/\/autate.fr\/site\/#website","url":"https:\/\/autate.fr\/site\/","name":"AUTATE","description":"Association des usagers des transports de l&#039;agglom\u00e9ration Toulousaine et de ses environs","publisher":{"@id":"https:\/\/autate.fr\/site\/#organization"},"potentialAction":[{"@type":"SearchAction","target":{"@type":"EntryPoint","urlTemplate":"https:\/\/autate.fr\/site\/?s={search_term_string}"},"query-input":{"@type":"PropertyValueSpecification","valueRequired":true,"valueName":"search_term_string"}}],"inLanguage":"fr-FR"},{"@type":"Organization","@id":"https:\/\/autate.fr\/site\/#organization","name":"AUTATE","url":"https:\/\/autate.fr\/site\/","logo":{"@type":"ImageObject","inLanguage":"fr-FR","@id":"https:\/\/autate.fr\/site\/#\/schema\/logo\/image\/","url":"http:\/\/autate.fr\/site\/wp-content\/uploads\/2019\/01\/logo.png","contentUrl":"http:\/\/autate.fr\/site\/wp-content\/uploads\/2019\/01\/logo.png","width":506,"height":280,"caption":"AUTATE"},"image":{"@id":"https:\/\/autate.fr\/site\/#\/schema\/logo\/image\/"},"sameAs":["https:\/\/www.facebook.com\/AutateToulouse","https:\/\/x.com\/AutateToulouse"]},{"@type":"Person","@id":"https:\/\/autate.fr\/site\/#\/schema\/person\/ae1ab8bdaa7b41d2a9b52d2557ce8254","name":"pascalbarbier","image":{"@type":"ImageObject","inLanguage":"fr-FR","@id":"https:\/\/secure.gravatar.com\/avatar\/03f4e8ced09894b72c67e83142540730d4b3bbf619bf46341b0074e3bf5f08a0?s=96&d=mm&r=g","url":"https:\/\/secure.gravatar.com\/avatar\/03f4e8ced09894b72c67e83142540730d4b3bbf619bf46341b0074e3bf5f08a0?s=96&d=mm&r=g","contentUrl":"https:\/\/secure.gravatar.com\/avatar\/03f4e8ced09894b72c67e83142540730d4b3bbf619bf46341b0074e3bf5f08a0?s=96&d=mm&r=g","caption":"pascalbarbier"},"url":"https:\/\/autate.fr\/site\/author\/pascalbarbier\/"}]}},"_links":{"self":[{"href":"https:\/\/autate.fr\/site\/wp-json\/wp\/v2\/posts\/1148","targetHints":{"allow":["GET"]}}],"collection":[{"href":"https:\/\/autate.fr\/site\/wp-json\/wp\/v2\/posts"}],"about":[{"href":"https:\/\/autate.fr\/site\/wp-json\/wp\/v2\/types\/post"}],"author":[{"embeddable":true,"href":"https:\/\/autate.fr\/site\/wp-json\/wp\/v2\/users\/1"}],"replies":[{"embeddable":true,"href":"https:\/\/autate.fr\/site\/wp-json\/wp\/v2\/comments?post=1148"}],"version-history":[{"count":1,"href":"https:\/\/autate.fr\/site\/wp-json\/wp\/v2\/posts\/1148\/revisions"}],"predecessor-version":[{"id":1149,"href":"https:\/\/autate.fr\/site\/wp-json\/wp\/v2\/posts\/1148\/revisions\/1149"}],"wp:attachment":[{"href":"https:\/\/autate.fr\/site\/wp-json\/wp\/v2\/media?parent=1148"}],"wp:term":[{"taxonomy":"category","embeddable":true,"href":"https:\/\/autate.fr\/site\/wp-json\/wp\/v2\/categories?post=1148"},{"taxonomy":"post_tag","embeddable":true,"href":"https:\/\/autate.fr\/site\/wp-json\/wp\/v2\/tags?post=1148"}],"curies":[{"name":"wp","href":"https:\/\/api.w.org\/{rel}","templated":true}]}}