{"id":1145,"date":"2016-12-21T10:44:22","date_gmt":"2016-12-21T09:44:22","guid":{"rendered":"http:\/\/autate.fr\/site\/?p=1145"},"modified":"2016-12-21T11:01:40","modified_gmt":"2016-12-21T10:01:40","slug":"fin-du-debat-public","status":"publish","type":"post","link":"https:\/\/autate.fr\/site\/fin-du-debat-public\/","title":{"rendered":"Fin du d\u00e9bat public"},"content":{"rendered":"<p><a href=\"https:\/\/autate.fr\/site\/wp-content\/uploads\/2016\/12\/communiqu\u00e9-fin-d\u00e9batAUTATE.pdf\">Communiqu\u00e9 Fin du d\u00e9bat public<\/a><\/p>\n<p lang=\"fr-FR\" align=\"CENTER\"><span style=\"color: #000000;\"><span style=\"font-family: Times New Roman,serif;\"><span style=\"font-size: large;\"><u><b>Communiqu\u00e9 de presse<\/b><\/u><\/span><\/span><\/span><\/p>\n<p lang=\"fr-FR\" align=\"CENTER\"><span style=\"color: #000000;\"><span style=\"font-family: Times New Roman,serif;\"><span style=\"font-size: medium;\">Lundi 19 d\u00e9cembre 2016<\/span><\/span><\/span><\/p>\n<p align=\"JUSTIFY\"><span style=\"font-family: Arial,sans-serif;\"><span style=\"font-size: small;\">Pendant plusieurs mois (Juin \u00e0 D\u00e9cembre), une commission ind\u00e9pendante a fait vivre un d\u00e9bat public autour du projet de troisi\u00e8me ligne de m\u00e9tro, envisag\u00e9 de Lab\u00e8ge \u00e0 Colomiers, en passant par la C\u00f4te Pav\u00e9e, Fondeyre, la Vache et Blagnac.<\/span><\/span><\/p>\n<p align=\"JUSTIFY\"><span style=\"font-family: Arial,sans-serif;\"><span style=\"font-size: small;\">L&rsquo;association des Usagers des Transports publics de l&rsquo;Agglom\u00e9ration Toulousaine et de ses Environs (AUTATE) tient \u00e0 souligner l&rsquo;excellent travail r\u00e9alis\u00e9 par la Commission Particuli\u00e8re du D\u00e9bat Public (CPDP) qui a mis en \u00e9vidence des positions tranch\u00e9es\u00a0: les d\u00e9cideurs \u00e9conomiques et politiques sont pour tandis que les associations d\u2019usagers des transports, des modes actifs, les syndicats de salari\u00e9s et les d\u00e9fenseurs de l\u2019environnement sont contre. David contre Goliath. <\/span><\/span><\/p>\n<p align=\"JUSTIFY\"><span style=\"font-family: Arial,sans-serif;\"><span style=\"font-size: small;\">Le bilan pr\u00e9sent\u00e9 montre une adh\u00e9sion majoritaire des sond\u00e9s par questionnaire \u00e0 l\u2019id\u00e9e de r\u00e9aliser une troisi\u00e8me ligne de m\u00e9tro m\u00eame si la majorit\u00e9 des participants ne se sentait pas en capacit\u00e9 de juger l&rsquo;enjeu financier de plus de 2 milliards d\u2019euros. L\u2019association prend acte de cette position inconfortable des habitants. <\/span><\/span><\/p>\n<p align=\"JUSTIFY\"><span style=\"font-family: Arial,sans-serif;\"><span style=\"font-size: small;\">Notre crainte initiale que le d\u00e9bat ne se r\u00e9duise \u00e0 savoir o\u00f9 placer les stations de m\u00e9tro fut vite dissip\u00e9e, notamment lorsque l\u2019AUTATE a pris la parole lors de la r\u00e9union publique de Colomiers du 15 novembre. <\/span><\/span><\/p>\n<p align=\"JUSTIFY\"><span style=\"font-family: Arial,sans-serif;\"><span style=\"font-size: small;\">L&rsquo;AUTATE a engag\u00e9 le d\u00e9bat autour de l&rsquo;urgence d&rsquo;un r\u00e9seau de transport public alliant train, m\u00e9tro, tramway, bus et v\u00e9lo pour toute l&rsquo;agglom\u00e9ration et ses environs, en particulier pour desservir les zones d&#8217;emploi et de r\u00e9sidence au-del\u00e0 de la rocade. <\/span><\/span><\/p>\n<p align=\"JUSTIFY\"><span style=\"font-family: Arial,sans-serif;\"><span style=\"font-size: small;\">Le d\u00e9bat conclut en quelque sorte sur la n\u00e9cessaire r\u00e9alisation, dans un horizon temporel \u00e0 d\u00e9finir, \u00e0 la fois un r\u00e9seau de transport d&rsquo;agglom\u00e9ration tel celui propos\u00e9 par l&rsquo;AUTATE (train-tram, bus en sites propres) et sur celui de la troisi\u00e8me ligne de m\u00e9tro.<\/span><\/span><\/p>\n<p align=\"JUSTIFY\"><span style=\"font-family: Arial,sans-serif;\"><span style=\"font-size: small;\">L&rsquo;AUTATE demande au Syndicat Mixte des Transports en Commun d\u2019\u00e9tudier un tel sc\u00e9nario et invite tous les usagers des transports urbains de la m\u00e9tropole (SNCF, Tisseo, r\u00e9seau d\u00e9partemental) \u00e0 nous rejoindre. <\/span><\/span><\/p>\n<p align=\"JUSTIFY\"><span style=\"font-family: Arial,sans-serif;\"><span style=\"font-size: small;\">Par internet \u00e0 <\/span><\/span><span style=\"font-family: Arial,sans-serif;\"><span style=\"font-size: small;\">autate.fr<\/span><\/span><span style=\"font-family: Arial,sans-serif;\"><span style=\"font-size: small;\">, ou par courrier \u00e0 AUTATE, 10 rue du Ch\u00e2teau d\u2019Uzou 31700 BLAGNAC. <\/span><\/span><\/p>\n<p align=\"JUSTIFY\">\n<p align=\"RIGHT\"><span style=\"font-family: Arial,sans-serif;\"><span style=\"font-size: small;\">Marie-Pierre B\u00e8s, Pr\u00e9sidente.<\/span><\/span><\/p>\n","protected":false},"excerpt":{"rendered":"<p>Communiqu\u00e9 Fin du d\u00e9bat public Communiqu\u00e9 de presse Lundi 19 d\u00e9cembre 2016 Pendant plusieurs mois (Juin \u00e0 D\u00e9cembre), une commission ind\u00e9pendante a fait vivre un d\u00e9bat public autour du projet de troisi\u00e8me ligne de m\u00e9tro, envisag\u00e9 de Lab\u00e8ge \u00e0 Colomiers, en passant par la C\u00f4te Pav\u00e9e, Fondeyre, la Vache et Blagnac. L&rsquo;association des Usagers des<\/p>\n<p class=\"more-link\"><a href=\"https:\/\/autate.fr\/site\/fin-du-debat-public\/\" class=\"themebutton2\">VOIR PLUS<\/a><\/p>\n","protected":false},"author":1,"featured_media":0,"comment_status":"open","ping_status":"open","sticky":false,"template":"","format":"standard","meta":{"footnotes":""},"categories":[4,265],"tags":[],"class_list":["post-1145","post","type-post","status-publish","format-standard","hentry","category-actualite-association","category-contribution-au-debat-public-3eme-ligne"],"yoast_head":"<!-- This site is optimized with the Yoast SEO plugin v27.4 - https:\/\/yoast.com\/product\/yoast-seo-wordpress\/ -->\n<title>Fin du d\u00e9bat public - AUTATE<\/title>\n<meta name=\"robots\" content=\"index, follow, max-snippet:-1, max-image-preview:large, max-video-preview:-1\" \/>\n<link rel=\"canonical\" href=\"https:\/\/autate.fr\/site\/fin-du-debat-public\/\" \/>\n<meta property=\"og:locale\" content=\"fr_FR\" \/>\n<meta property=\"og:type\" content=\"article\" \/>\n<meta property=\"og:title\" content=\"Fin du d\u00e9bat public - AUTATE\" \/>\n<meta property=\"og:description\" content=\"Communiqu\u00e9 Fin du d\u00e9bat public Communiqu\u00e9 de presse Lundi 19 d\u00e9cembre 2016 Pendant plusieurs mois (Juin \u00e0 D\u00e9cembre), une commission ind\u00e9pendante a fait vivre un d\u00e9bat public autour du projet de troisi\u00e8me ligne de m\u00e9tro, envisag\u00e9 de Lab\u00e8ge \u00e0 Colomiers, en passant par la C\u00f4te Pav\u00e9e, Fondeyre, la Vache et Blagnac. L&rsquo;association des Usagers desVOIR PLUS\" \/>\n<meta property=\"og:url\" content=\"https:\/\/autate.fr\/site\/fin-du-debat-public\/\" \/>\n<meta property=\"og:site_name\" content=\"AUTATE\" \/>\n<meta property=\"article:publisher\" content=\"https:\/\/www.facebook.com\/AutateToulouse\" \/>\n<meta property=\"article:published_time\" content=\"2016-12-21T09:44:22+00:00\" \/>\n<meta property=\"article:modified_time\" content=\"2016-12-21T10:01:40+00:00\" \/>\n<meta name=\"author\" content=\"pascalbarbier\" \/>\n<meta name=\"twitter:card\" content=\"summary_large_image\" \/>\n<meta name=\"twitter:creator\" content=\"@AutateToulouse\" \/>\n<meta name=\"twitter:site\" content=\"@AutateToulouse\" \/>\n<meta name=\"twitter:label1\" content=\"\u00c9crit par\" \/>\n\t<meta name=\"twitter:data1\" content=\"pascalbarbier\" \/>\n\t<meta name=\"twitter:label2\" content=\"Dur\u00e9e de lecture estim\u00e9e\" \/>\n\t<meta name=\"twitter:data2\" content=\"2 minutes\" \/>\n<script type=\"application\/ld+json\" class=\"yoast-schema-graph\">{\"@context\":\"https:\\\/\\\/schema.org\",\"@graph\":[{\"@type\":\"Article\",\"@id\":\"https:\\\/\\\/autate.fr\\\/site\\\/fin-du-debat-public\\\/#article\",\"isPartOf\":{\"@id\":\"https:\\\/\\\/autate.fr\\\/site\\\/fin-du-debat-public\\\/\"},\"author\":{\"name\":\"pascalbarbier\",\"@id\":\"https:\\\/\\\/autate.fr\\\/site\\\/#\\\/schema\\\/person\\\/ae1ab8bdaa7b41d2a9b52d2557ce8254\"},\"headline\":\"Fin du d\u00e9bat public\",\"datePublished\":\"2016-12-21T09:44:22+00:00\",\"dateModified\":\"2016-12-21T10:01:40+00:00\",\"mainEntityOfPage\":{\"@id\":\"https:\\\/\\\/autate.fr\\\/site\\\/fin-du-debat-public\\\/\"},\"wordCount\":389,\"commentCount\":0,\"publisher\":{\"@id\":\"https:\\\/\\\/autate.fr\\\/site\\\/#organization\"},\"articleSection\":[\"Actualit\u00e9s-AUTATE\",\"M\u00e9tro\"],\"inLanguage\":\"fr-FR\",\"potentialAction\":[{\"@type\":\"CommentAction\",\"name\":\"Comment\",\"target\":[\"https:\\\/\\\/autate.fr\\\/site\\\/fin-du-debat-public\\\/#respond\"]}]},{\"@type\":\"WebPage\",\"@id\":\"https:\\\/\\\/autate.fr\\\/site\\\/fin-du-debat-public\\\/\",\"url\":\"https:\\\/\\\/autate.fr\\\/site\\\/fin-du-debat-public\\\/\",\"name\":\"Fin du d\u00e9bat public - AUTATE\",\"isPartOf\":{\"@id\":\"https:\\\/\\\/autate.fr\\\/site\\\/#website\"},\"datePublished\":\"2016-12-21T09:44:22+00:00\",\"dateModified\":\"2016-12-21T10:01:40+00:00\",\"breadcrumb\":{\"@id\":\"https:\\\/\\\/autate.fr\\\/site\\\/fin-du-debat-public\\\/#breadcrumb\"},\"inLanguage\":\"fr-FR\",\"potentialAction\":[{\"@type\":\"ReadAction\",\"target\":[\"https:\\\/\\\/autate.fr\\\/site\\\/fin-du-debat-public\\\/\"]}]},{\"@type\":\"BreadcrumbList\",\"@id\":\"https:\\\/\\\/autate.fr\\\/site\\\/fin-du-debat-public\\\/#breadcrumb\",\"itemListElement\":[{\"@type\":\"ListItem\",\"position\":1,\"name\":\"Accueil\",\"item\":\"https:\\\/\\\/autate.fr\\\/site\\\/\"},{\"@type\":\"ListItem\",\"position\":2,\"name\":\"Fin du d\u00e9bat public\"}]},{\"@type\":\"WebSite\",\"@id\":\"https:\\\/\\\/autate.fr\\\/site\\\/#website\",\"url\":\"https:\\\/\\\/autate.fr\\\/site\\\/\",\"name\":\"AUTATE\",\"description\":\"Association des usagers des transports de l&#039;agglom\u00e9ration Toulousaine et de ses environs\",\"publisher\":{\"@id\":\"https:\\\/\\\/autate.fr\\\/site\\\/#organization\"},\"potentialAction\":[{\"@type\":\"SearchAction\",\"target\":{\"@type\":\"EntryPoint\",\"urlTemplate\":\"https:\\\/\\\/autate.fr\\\/site\\\/?s={search_term_string}\"},\"query-input\":{\"@type\":\"PropertyValueSpecification\",\"valueRequired\":true,\"valueName\":\"search_term_string\"}}],\"inLanguage\":\"fr-FR\"},{\"@type\":\"Organization\",\"@id\":\"https:\\\/\\\/autate.fr\\\/site\\\/#organization\",\"name\":\"AUTATE\",\"url\":\"https:\\\/\\\/autate.fr\\\/site\\\/\",\"logo\":{\"@type\":\"ImageObject\",\"inLanguage\":\"fr-FR\",\"@id\":\"https:\\\/\\\/autate.fr\\\/site\\\/#\\\/schema\\\/logo\\\/image\\\/\",\"url\":\"http:\\\/\\\/autate.fr\\\/site\\\/wp-content\\\/uploads\\\/2019\\\/01\\\/logo.png\",\"contentUrl\":\"http:\\\/\\\/autate.fr\\\/site\\\/wp-content\\\/uploads\\\/2019\\\/01\\\/logo.png\",\"width\":506,\"height\":280,\"caption\":\"AUTATE\"},\"image\":{\"@id\":\"https:\\\/\\\/autate.fr\\\/site\\\/#\\\/schema\\\/logo\\\/image\\\/\"},\"sameAs\":[\"https:\\\/\\\/www.facebook.com\\\/AutateToulouse\",\"https:\\\/\\\/x.com\\\/AutateToulouse\"]},{\"@type\":\"Person\",\"@id\":\"https:\\\/\\\/autate.fr\\\/site\\\/#\\\/schema\\\/person\\\/ae1ab8bdaa7b41d2a9b52d2557ce8254\",\"name\":\"pascalbarbier\",\"image\":{\"@type\":\"ImageObject\",\"inLanguage\":\"fr-FR\",\"@id\":\"https:\\\/\\\/secure.gravatar.com\\\/avatar\\\/03f4e8ced09894b72c67e83142540730d4b3bbf619bf46341b0074e3bf5f08a0?s=96&d=mm&r=g\",\"url\":\"https:\\\/\\\/secure.gravatar.com\\\/avatar\\\/03f4e8ced09894b72c67e83142540730d4b3bbf619bf46341b0074e3bf5f08a0?s=96&d=mm&r=g\",\"contentUrl\":\"https:\\\/\\\/secure.gravatar.com\\\/avatar\\\/03f4e8ced09894b72c67e83142540730d4b3bbf619bf46341b0074e3bf5f08a0?s=96&d=mm&r=g\",\"caption\":\"pascalbarbier\"},\"url\":\"https:\\\/\\\/autate.fr\\\/site\\\/author\\\/pascalbarbier\\\/\"}]}<\/script>\n<!-- \/ Yoast SEO plugin. -->","yoast_head_json":{"title":"Fin du d\u00e9bat public - AUTATE","robots":{"index":"index","follow":"follow","max-snippet":"max-snippet:-1","max-image-preview":"max-image-preview:large","max-video-preview":"max-video-preview:-1"},"canonical":"https:\/\/autate.fr\/site\/fin-du-debat-public\/","og_locale":"fr_FR","og_type":"article","og_title":"Fin du d\u00e9bat public - AUTATE","og_description":"Communiqu\u00e9 Fin du d\u00e9bat public Communiqu\u00e9 de presse Lundi 19 d\u00e9cembre 2016 Pendant plusieurs mois (Juin \u00e0 D\u00e9cembre), une commission ind\u00e9pendante a fait vivre un d\u00e9bat public autour du projet de troisi\u00e8me ligne de m\u00e9tro, envisag\u00e9 de Lab\u00e8ge \u00e0 Colomiers, en passant par la C\u00f4te Pav\u00e9e, Fondeyre, la Vache et Blagnac. L&rsquo;association des Usagers desVOIR PLUS","og_url":"https:\/\/autate.fr\/site\/fin-du-debat-public\/","og_site_name":"AUTATE","article_publisher":"https:\/\/www.facebook.com\/AutateToulouse","article_published_time":"2016-12-21T09:44:22+00:00","article_modified_time":"2016-12-21T10:01:40+00:00","author":"pascalbarbier","twitter_card":"summary_large_image","twitter_creator":"@AutateToulouse","twitter_site":"@AutateToulouse","twitter_misc":{"\u00c9crit par":"pascalbarbier","Dur\u00e9e de lecture estim\u00e9e":"2 minutes"},"schema":{"@context":"https:\/\/schema.org","@graph":[{"@type":"Article","@id":"https:\/\/autate.fr\/site\/fin-du-debat-public\/#article","isPartOf":{"@id":"https:\/\/autate.fr\/site\/fin-du-debat-public\/"},"author":{"name":"pascalbarbier","@id":"https:\/\/autate.fr\/site\/#\/schema\/person\/ae1ab8bdaa7b41d2a9b52d2557ce8254"},"headline":"Fin du d\u00e9bat public","datePublished":"2016-12-21T09:44:22+00:00","dateModified":"2016-12-21T10:01:40+00:00","mainEntityOfPage":{"@id":"https:\/\/autate.fr\/site\/fin-du-debat-public\/"},"wordCount":389,"commentCount":0,"publisher":{"@id":"https:\/\/autate.fr\/site\/#organization"},"articleSection":["Actualit\u00e9s-AUTATE","M\u00e9tro"],"inLanguage":"fr-FR","potentialAction":[{"@type":"CommentAction","name":"Comment","target":["https:\/\/autate.fr\/site\/fin-du-debat-public\/#respond"]}]},{"@type":"WebPage","@id":"https:\/\/autate.fr\/site\/fin-du-debat-public\/","url":"https:\/\/autate.fr\/site\/fin-du-debat-public\/","name":"Fin du d\u00e9bat public - AUTATE","isPartOf":{"@id":"https:\/\/autate.fr\/site\/#website"},"datePublished":"2016-12-21T09:44:22+00:00","dateModified":"2016-12-21T10:01:40+00:00","breadcrumb":{"@id":"https:\/\/autate.fr\/site\/fin-du-debat-public\/#breadcrumb"},"inLanguage":"fr-FR","potentialAction":[{"@type":"ReadAction","target":["https:\/\/autate.fr\/site\/fin-du-debat-public\/"]}]},{"@type":"BreadcrumbList","@id":"https:\/\/autate.fr\/site\/fin-du-debat-public\/#breadcrumb","itemListElement":[{"@type":"ListItem","position":1,"name":"Accueil","item":"https:\/\/autate.fr\/site\/"},{"@type":"ListItem","position":2,"name":"Fin du d\u00e9bat public"}]},{"@type":"WebSite","@id":"https:\/\/autate.fr\/site\/#website","url":"https:\/\/autate.fr\/site\/","name":"AUTATE","description":"Association des usagers des transports de l&#039;agglom\u00e9ration Toulousaine et de ses environs","publisher":{"@id":"https:\/\/autate.fr\/site\/#organization"},"potentialAction":[{"@type":"SearchAction","target":{"@type":"EntryPoint","urlTemplate":"https:\/\/autate.fr\/site\/?s={search_term_string}"},"query-input":{"@type":"PropertyValueSpecification","valueRequired":true,"valueName":"search_term_string"}}],"inLanguage":"fr-FR"},{"@type":"Organization","@id":"https:\/\/autate.fr\/site\/#organization","name":"AUTATE","url":"https:\/\/autate.fr\/site\/","logo":{"@type":"ImageObject","inLanguage":"fr-FR","@id":"https:\/\/autate.fr\/site\/#\/schema\/logo\/image\/","url":"http:\/\/autate.fr\/site\/wp-content\/uploads\/2019\/01\/logo.png","contentUrl":"http:\/\/autate.fr\/site\/wp-content\/uploads\/2019\/01\/logo.png","width":506,"height":280,"caption":"AUTATE"},"image":{"@id":"https:\/\/autate.fr\/site\/#\/schema\/logo\/image\/"},"sameAs":["https:\/\/www.facebook.com\/AutateToulouse","https:\/\/x.com\/AutateToulouse"]},{"@type":"Person","@id":"https:\/\/autate.fr\/site\/#\/schema\/person\/ae1ab8bdaa7b41d2a9b52d2557ce8254","name":"pascalbarbier","image":{"@type":"ImageObject","inLanguage":"fr-FR","@id":"https:\/\/secure.gravatar.com\/avatar\/03f4e8ced09894b72c67e83142540730d4b3bbf619bf46341b0074e3bf5f08a0?s=96&d=mm&r=g","url":"https:\/\/secure.gravatar.com\/avatar\/03f4e8ced09894b72c67e83142540730d4b3bbf619bf46341b0074e3bf5f08a0?s=96&d=mm&r=g","contentUrl":"https:\/\/secure.gravatar.com\/avatar\/03f4e8ced09894b72c67e83142540730d4b3bbf619bf46341b0074e3bf5f08a0?s=96&d=mm&r=g","caption":"pascalbarbier"},"url":"https:\/\/autate.fr\/site\/author\/pascalbarbier\/"}]}},"_links":{"self":[{"href":"https:\/\/autate.fr\/site\/wp-json\/wp\/v2\/posts\/1145","targetHints":{"allow":["GET"]}}],"collection":[{"href":"https:\/\/autate.fr\/site\/wp-json\/wp\/v2\/posts"}],"about":[{"href":"https:\/\/autate.fr\/site\/wp-json\/wp\/v2\/types\/post"}],"author":[{"embeddable":true,"href":"https:\/\/autate.fr\/site\/wp-json\/wp\/v2\/users\/1"}],"replies":[{"embeddable":true,"href":"https:\/\/autate.fr\/site\/wp-json\/wp\/v2\/comments?post=1145"}],"version-history":[{"count":3,"href":"https:\/\/autate.fr\/site\/wp-json\/wp\/v2\/posts\/1145\/revisions"}],"predecessor-version":[{"id":1160,"href":"https:\/\/autate.fr\/site\/wp-json\/wp\/v2\/posts\/1145\/revisions\/1160"}],"wp:attachment":[{"href":"https:\/\/autate.fr\/site\/wp-json\/wp\/v2\/media?parent=1145"}],"wp:term":[{"taxonomy":"category","embeddable":true,"href":"https:\/\/autate.fr\/site\/wp-json\/wp\/v2\/categories?post=1145"},{"taxonomy":"post_tag","embeddable":true,"href":"https:\/\/autate.fr\/site\/wp-json\/wp\/v2\/tags?post=1145"}],"curies":[{"name":"wp","href":"https:\/\/api.w.org\/{rel}","templated":true}]}}