{"id":1140,"date":"2016-12-16T11:41:19","date_gmt":"2016-12-16T10:41:19","guid":{"rendered":"http:\/\/autate.fr\/site\/?p=1140"},"modified":"2016-12-19T11:46:31","modified_gmt":"2016-12-19T10:46:31","slug":"francebleu-projet-de-troisieme-ligne-de-metro-a-toulouse-le-debat-public-prend-fin","status":"publish","type":"post","link":"https:\/\/autate.fr\/site\/francebleu-projet-de-troisieme-ligne-de-metro-a-toulouse-le-debat-public-prend-fin\/","title":{"rendered":"[FranceBleu] Projet de troisi\u00e8me ligne de m\u00e9tro \u00e0 Toulouse : le d\u00e9bat public prend fin"},"content":{"rendered":"<p>Le d\u00e9bat public sur le projet de troisi\u00e8me ligne de m\u00e9tro est (presque) termin\u00e9 ! La consultation populaire aura dur\u00e9 plus de trois mois. La derni\u00e8re grande r\u00e9union publique avait lieu ce jeudi soir. La commission du d\u00e9bat public rendra ses conclusions mi-f\u00e9vrier.<\/p>\n<p><!--more--><\/p>\n<p>On en parle depuis trois mois, la grande consultation des habitants de l&rsquo;agglom\u00e9ration toulousaine autour du projet de troisi\u00e8me ligne du m\u00e9tro est pass\u00e9e \u00e0 Toulouse, Colomiers, Tournefeuille, Lab\u00e8ge, Saint-Orens ou encore Blagnac. La toute derni\u00e8re r\u00e9union publique a eu lieu ce jeudi 15 d\u00e9cembre au Centre des Congr\u00e8s. La commission du d\u00e9bat public a maintenant deux mois pour faire la synth\u00e8se de toutes les espoirs et dol\u00e9ances.<\/p>\n<p><strong><a href=\"https:\/\/www.francebleu.fr\/infos\/transports\/projet-de-troisieme-ligne-de-metro-toulous-le-debat-public-prend-fin-1481875710\" target=\"_blank\">lire la suite<\/a><\/strong><\/p>\n<p>un article de B\u00e9n\u00e9dicte Dupont paru le 16\/12\/2016<\/p>\n<p>photo J\u00e9r\u00f4me Laurent \u00e9tait l&rsquo;invit\u00e9 de France Bleu ce vendredi 16 d\u00e9cembre. \u00a9 Radio France &#8211; Mathhieu Soldano<\/p>\n","protected":false},"excerpt":{"rendered":"<p>Le d\u00e9bat public sur le projet de troisi\u00e8me ligne de m\u00e9tro est (presque) termin\u00e9 ! La consultation populaire aura dur\u00e9 plus de trois mois. La derni\u00e8re grande r\u00e9union publique avait lieu ce jeudi soir. La commission du d\u00e9bat public rendra ses conclusions mi-f\u00e9vrier.<\/p>\n","protected":false},"author":1,"featured_media":1141,"comment_status":"open","ping_status":"open","sticky":false,"template":"","format":"standard","meta":{"footnotes":""},"categories":[7],"tags":[237,173,224],"class_list":["post-1140","post","type-post","status-publish","format-standard","has-post-thumbnail","hentry","category-revue-de-presse","tag-3eme-ligne-de-metro","tag-cndp","tag-debat-public"],"yoast_head":"<!-- This site is optimized with the Yoast SEO plugin v27.4 - https:\/\/yoast.com\/product\/yoast-seo-wordpress\/ -->\n<title>[FranceBleu] Projet de troisi\u00e8me ligne de m\u00e9tro \u00e0 Toulouse : le d\u00e9bat public prend fin - AUTATE<\/title>\n<meta name=\"robots\" content=\"index, follow, max-snippet:-1, max-image-preview:large, max-video-preview:-1\" \/>\n<link rel=\"canonical\" href=\"https:\/\/autate.fr\/site\/francebleu-projet-de-troisieme-ligne-de-metro-a-toulouse-le-debat-public-prend-fin\/\" \/>\n<meta property=\"og:locale\" content=\"fr_FR\" \/>\n<meta property=\"og:type\" content=\"article\" \/>\n<meta property=\"og:title\" content=\"[FranceBleu] Projet de troisi\u00e8me ligne de m\u00e9tro \u00e0 Toulouse : le d\u00e9bat public prend fin - AUTATE\" \/>\n<meta property=\"og:description\" content=\"Le d\u00e9bat public sur le projet de troisi\u00e8me ligne de m\u00e9tro est (presque) termin\u00e9 ! La consultation populaire aura dur\u00e9 plus de trois mois. La derni\u00e8re grande r\u00e9union publique avait lieu ce jeudi soir. La commission du d\u00e9bat public rendra ses conclusions mi-f\u00e9vrier.\" \/>\n<meta property=\"og:url\" content=\"https:\/\/autate.fr\/site\/francebleu-projet-de-troisieme-ligne-de-metro-a-toulouse-le-debat-public-prend-fin\/\" \/>\n<meta property=\"og:site_name\" content=\"AUTATE\" \/>\n<meta property=\"article:publisher\" content=\"https:\/\/www.facebook.com\/AutateToulouse\" \/>\n<meta property=\"article:published_time\" content=\"2016-12-16T10:41:19+00:00\" \/>\n<meta property=\"article:modified_time\" content=\"2016-12-19T10:46:31+00:00\" \/>\n<meta property=\"og:image\" content=\"https:\/\/autate.fr\/site\/wp-content\/uploads\/2016\/12\/jerome_laurent.jpg.pagespeed.ce_.OFAXc9f142.jpg\" \/>\n\t<meta property=\"og:image:width\" content=\"860\" \/>\n\t<meta property=\"og:image:height\" content=\"645\" \/>\n\t<meta property=\"og:image:type\" content=\"image\/jpeg\" \/>\n<meta name=\"author\" content=\"pascalbarbier\" \/>\n<meta name=\"twitter:card\" content=\"summary_large_image\" \/>\n<meta name=\"twitter:creator\" content=\"@AutateToulouse\" \/>\n<meta name=\"twitter:site\" content=\"@AutateToulouse\" \/>\n<meta name=\"twitter:label1\" content=\"\u00c9crit par\" \/>\n\t<meta name=\"twitter:data1\" content=\"pascalbarbier\" \/>\n\t<meta name=\"twitter:label2\" content=\"Dur\u00e9e de lecture estim\u00e9e\" \/>\n\t<meta name=\"twitter:data2\" content=\"1 minute\" \/>\n<script type=\"application\/ld+json\" class=\"yoast-schema-graph\">{\"@context\":\"https:\\\/\\\/schema.org\",\"@graph\":[{\"@type\":\"Article\",\"@id\":\"https:\\\/\\\/autate.fr\\\/site\\\/francebleu-projet-de-troisieme-ligne-de-metro-a-toulouse-le-debat-public-prend-fin\\\/#article\",\"isPartOf\":{\"@id\":\"https:\\\/\\\/autate.fr\\\/site\\\/francebleu-projet-de-troisieme-ligne-de-metro-a-toulouse-le-debat-public-prend-fin\\\/\"},\"author\":{\"name\":\"pascalbarbier\",\"@id\":\"https:\\\/\\\/autate.fr\\\/site\\\/#\\\/schema\\\/person\\\/ae1ab8bdaa7b41d2a9b52d2557ce8254\"},\"headline\":\"[FranceBleu] Projet de troisi\u00e8me ligne de m\u00e9tro \u00e0 Toulouse : le d\u00e9bat public prend fin\",\"datePublished\":\"2016-12-16T10:41:19+00:00\",\"dateModified\":\"2016-12-19T10:46:31+00:00\",\"mainEntityOfPage\":{\"@id\":\"https:\\\/\\\/autate.fr\\\/site\\\/francebleu-projet-de-troisieme-ligne-de-metro-a-toulouse-le-debat-public-prend-fin\\\/\"},\"wordCount\":174,\"commentCount\":0,\"publisher\":{\"@id\":\"https:\\\/\\\/autate.fr\\\/site\\\/#organization\"},\"image\":{\"@id\":\"https:\\\/\\\/autate.fr\\\/site\\\/francebleu-projet-de-troisieme-ligne-de-metro-a-toulouse-le-debat-public-prend-fin\\\/#primaryimage\"},\"thumbnailUrl\":\"https:\\\/\\\/autate.fr\\\/site\\\/wp-content\\\/uploads\\\/2016\\\/12\\\/jerome_laurent.jpg.pagespeed.ce_.OFAXc9f142.jpg\",\"keywords\":[\"3\u00e8me ligne de m\u00e9tro\",\"CNDP\",\"d\u00e9bat public\"],\"articleSection\":[\"Revue de presse\"],\"inLanguage\":\"fr-FR\",\"potentialAction\":[{\"@type\":\"CommentAction\",\"name\":\"Comment\",\"target\":[\"https:\\\/\\\/autate.fr\\\/site\\\/francebleu-projet-de-troisieme-ligne-de-metro-a-toulouse-le-debat-public-prend-fin\\\/#respond\"]}]},{\"@type\":\"WebPage\",\"@id\":\"https:\\\/\\\/autate.fr\\\/site\\\/francebleu-projet-de-troisieme-ligne-de-metro-a-toulouse-le-debat-public-prend-fin\\\/\",\"url\":\"https:\\\/\\\/autate.fr\\\/site\\\/francebleu-projet-de-troisieme-ligne-de-metro-a-toulouse-le-debat-public-prend-fin\\\/\",\"name\":\"[FranceBleu] Projet de troisi\u00e8me ligne de m\u00e9tro \u00e0 Toulouse : le d\u00e9bat public prend fin - AUTATE\",\"isPartOf\":{\"@id\":\"https:\\\/\\\/autate.fr\\\/site\\\/#website\"},\"primaryImageOfPage\":{\"@id\":\"https:\\\/\\\/autate.fr\\\/site\\\/francebleu-projet-de-troisieme-ligne-de-metro-a-toulouse-le-debat-public-prend-fin\\\/#primaryimage\"},\"image\":{\"@id\":\"https:\\\/\\\/autate.fr\\\/site\\\/francebleu-projet-de-troisieme-ligne-de-metro-a-toulouse-le-debat-public-prend-fin\\\/#primaryimage\"},\"thumbnailUrl\":\"https:\\\/\\\/autate.fr\\\/site\\\/wp-content\\\/uploads\\\/2016\\\/12\\\/jerome_laurent.jpg.pagespeed.ce_.OFAXc9f142.jpg\",\"datePublished\":\"2016-12-16T10:41:19+00:00\",\"dateModified\":\"2016-12-19T10:46:31+00:00\",\"breadcrumb\":{\"@id\":\"https:\\\/\\\/autate.fr\\\/site\\\/francebleu-projet-de-troisieme-ligne-de-metro-a-toulouse-le-debat-public-prend-fin\\\/#breadcrumb\"},\"inLanguage\":\"fr-FR\",\"potentialAction\":[{\"@type\":\"ReadAction\",\"target\":[\"https:\\\/\\\/autate.fr\\\/site\\\/francebleu-projet-de-troisieme-ligne-de-metro-a-toulouse-le-debat-public-prend-fin\\\/\"]}]},{\"@type\":\"ImageObject\",\"inLanguage\":\"fr-FR\",\"@id\":\"https:\\\/\\\/autate.fr\\\/site\\\/francebleu-projet-de-troisieme-ligne-de-metro-a-toulouse-le-debat-public-prend-fin\\\/#primaryimage\",\"url\":\"https:\\\/\\\/autate.fr\\\/site\\\/wp-content\\\/uploads\\\/2016\\\/12\\\/jerome_laurent.jpg.pagespeed.ce_.OFAXc9f142.jpg\",\"contentUrl\":\"https:\\\/\\\/autate.fr\\\/site\\\/wp-content\\\/uploads\\\/2016\\\/12\\\/jerome_laurent.jpg.pagespeed.ce_.OFAXc9f142.jpg\",\"width\":860,\"height\":645},{\"@type\":\"BreadcrumbList\",\"@id\":\"https:\\\/\\\/autate.fr\\\/site\\\/francebleu-projet-de-troisieme-ligne-de-metro-a-toulouse-le-debat-public-prend-fin\\\/#breadcrumb\",\"itemListElement\":[{\"@type\":\"ListItem\",\"position\":1,\"name\":\"Accueil\",\"item\":\"https:\\\/\\\/autate.fr\\\/site\\\/\"},{\"@type\":\"ListItem\",\"position\":2,\"name\":\"[FranceBleu] Projet de troisi\u00e8me ligne de m\u00e9tro \u00e0 Toulouse : le d\u00e9bat public prend fin\"}]},{\"@type\":\"WebSite\",\"@id\":\"https:\\\/\\\/autate.fr\\\/site\\\/#website\",\"url\":\"https:\\\/\\\/autate.fr\\\/site\\\/\",\"name\":\"AUTATE\",\"description\":\"Association des usagers des transports de l&#039;agglom\u00e9ration Toulousaine et de ses environs\",\"publisher\":{\"@id\":\"https:\\\/\\\/autate.fr\\\/site\\\/#organization\"},\"potentialAction\":[{\"@type\":\"SearchAction\",\"target\":{\"@type\":\"EntryPoint\",\"urlTemplate\":\"https:\\\/\\\/autate.fr\\\/site\\\/?s={search_term_string}\"},\"query-input\":{\"@type\":\"PropertyValueSpecification\",\"valueRequired\":true,\"valueName\":\"search_term_string\"}}],\"inLanguage\":\"fr-FR\"},{\"@type\":\"Organization\",\"@id\":\"https:\\\/\\\/autate.fr\\\/site\\\/#organization\",\"name\":\"AUTATE\",\"url\":\"https:\\\/\\\/autate.fr\\\/site\\\/\",\"logo\":{\"@type\":\"ImageObject\",\"inLanguage\":\"fr-FR\",\"@id\":\"https:\\\/\\\/autate.fr\\\/site\\\/#\\\/schema\\\/logo\\\/image\\\/\",\"url\":\"http:\\\/\\\/autate.fr\\\/site\\\/wp-content\\\/uploads\\\/2019\\\/01\\\/logo.png\",\"contentUrl\":\"http:\\\/\\\/autate.fr\\\/site\\\/wp-content\\\/uploads\\\/2019\\\/01\\\/logo.png\",\"width\":506,\"height\":280,\"caption\":\"AUTATE\"},\"image\":{\"@id\":\"https:\\\/\\\/autate.fr\\\/site\\\/#\\\/schema\\\/logo\\\/image\\\/\"},\"sameAs\":[\"https:\\\/\\\/www.facebook.com\\\/AutateToulouse\",\"https:\\\/\\\/x.com\\\/AutateToulouse\"]},{\"@type\":\"Person\",\"@id\":\"https:\\\/\\\/autate.fr\\\/site\\\/#\\\/schema\\\/person\\\/ae1ab8bdaa7b41d2a9b52d2557ce8254\",\"name\":\"pascalbarbier\",\"image\":{\"@type\":\"ImageObject\",\"inLanguage\":\"fr-FR\",\"@id\":\"https:\\\/\\\/secure.gravatar.com\\\/avatar\\\/03f4e8ced09894b72c67e83142540730d4b3bbf619bf46341b0074e3bf5f08a0?s=96&d=mm&r=g\",\"url\":\"https:\\\/\\\/secure.gravatar.com\\\/avatar\\\/03f4e8ced09894b72c67e83142540730d4b3bbf619bf46341b0074e3bf5f08a0?s=96&d=mm&r=g\",\"contentUrl\":\"https:\\\/\\\/secure.gravatar.com\\\/avatar\\\/03f4e8ced09894b72c67e83142540730d4b3bbf619bf46341b0074e3bf5f08a0?s=96&d=mm&r=g\",\"caption\":\"pascalbarbier\"},\"url\":\"https:\\\/\\\/autate.fr\\\/site\\\/author\\\/pascalbarbier\\\/\"}]}<\/script>\n<!-- \/ Yoast SEO plugin. -->","yoast_head_json":{"title":"[FranceBleu] Projet de troisi\u00e8me ligne de m\u00e9tro \u00e0 Toulouse : le d\u00e9bat public prend fin - AUTATE","robots":{"index":"index","follow":"follow","max-snippet":"max-snippet:-1","max-image-preview":"max-image-preview:large","max-video-preview":"max-video-preview:-1"},"canonical":"https:\/\/autate.fr\/site\/francebleu-projet-de-troisieme-ligne-de-metro-a-toulouse-le-debat-public-prend-fin\/","og_locale":"fr_FR","og_type":"article","og_title":"[FranceBleu] Projet de troisi\u00e8me ligne de m\u00e9tro \u00e0 Toulouse : le d\u00e9bat public prend fin - AUTATE","og_description":"Le d\u00e9bat public sur le projet de troisi\u00e8me ligne de m\u00e9tro est (presque) termin\u00e9 ! La consultation populaire aura dur\u00e9 plus de trois mois. La derni\u00e8re grande r\u00e9union publique avait lieu ce jeudi soir. La commission du d\u00e9bat public rendra ses conclusions mi-f\u00e9vrier.","og_url":"https:\/\/autate.fr\/site\/francebleu-projet-de-troisieme-ligne-de-metro-a-toulouse-le-debat-public-prend-fin\/","og_site_name":"AUTATE","article_publisher":"https:\/\/www.facebook.com\/AutateToulouse","article_published_time":"2016-12-16T10:41:19+00:00","article_modified_time":"2016-12-19T10:46:31+00:00","og_image":[{"width":860,"height":645,"url":"https:\/\/autate.fr\/site\/wp-content\/uploads\/2016\/12\/jerome_laurent.jpg.pagespeed.ce_.OFAXc9f142.jpg","type":"image\/jpeg"}],"author":"pascalbarbier","twitter_card":"summary_large_image","twitter_creator":"@AutateToulouse","twitter_site":"@AutateToulouse","twitter_misc":{"\u00c9crit par":"pascalbarbier","Dur\u00e9e de lecture estim\u00e9e":"1 minute"},"schema":{"@context":"https:\/\/schema.org","@graph":[{"@type":"Article","@id":"https:\/\/autate.fr\/site\/francebleu-projet-de-troisieme-ligne-de-metro-a-toulouse-le-debat-public-prend-fin\/#article","isPartOf":{"@id":"https:\/\/autate.fr\/site\/francebleu-projet-de-troisieme-ligne-de-metro-a-toulouse-le-debat-public-prend-fin\/"},"author":{"name":"pascalbarbier","@id":"https:\/\/autate.fr\/site\/#\/schema\/person\/ae1ab8bdaa7b41d2a9b52d2557ce8254"},"headline":"[FranceBleu] Projet de troisi\u00e8me ligne de m\u00e9tro \u00e0 Toulouse : le d\u00e9bat public prend fin","datePublished":"2016-12-16T10:41:19+00:00","dateModified":"2016-12-19T10:46:31+00:00","mainEntityOfPage":{"@id":"https:\/\/autate.fr\/site\/francebleu-projet-de-troisieme-ligne-de-metro-a-toulouse-le-debat-public-prend-fin\/"},"wordCount":174,"commentCount":0,"publisher":{"@id":"https:\/\/autate.fr\/site\/#organization"},"image":{"@id":"https:\/\/autate.fr\/site\/francebleu-projet-de-troisieme-ligne-de-metro-a-toulouse-le-debat-public-prend-fin\/#primaryimage"},"thumbnailUrl":"https:\/\/autate.fr\/site\/wp-content\/uploads\/2016\/12\/jerome_laurent.jpg.pagespeed.ce_.OFAXc9f142.jpg","keywords":["3\u00e8me ligne de m\u00e9tro","CNDP","d\u00e9bat public"],"articleSection":["Revue de presse"],"inLanguage":"fr-FR","potentialAction":[{"@type":"CommentAction","name":"Comment","target":["https:\/\/autate.fr\/site\/francebleu-projet-de-troisieme-ligne-de-metro-a-toulouse-le-debat-public-prend-fin\/#respond"]}]},{"@type":"WebPage","@id":"https:\/\/autate.fr\/site\/francebleu-projet-de-troisieme-ligne-de-metro-a-toulouse-le-debat-public-prend-fin\/","url":"https:\/\/autate.fr\/site\/francebleu-projet-de-troisieme-ligne-de-metro-a-toulouse-le-debat-public-prend-fin\/","name":"[FranceBleu] Projet de troisi\u00e8me ligne de m\u00e9tro \u00e0 Toulouse : le d\u00e9bat public prend fin - AUTATE","isPartOf":{"@id":"https:\/\/autate.fr\/site\/#website"},"primaryImageOfPage":{"@id":"https:\/\/autate.fr\/site\/francebleu-projet-de-troisieme-ligne-de-metro-a-toulouse-le-debat-public-prend-fin\/#primaryimage"},"image":{"@id":"https:\/\/autate.fr\/site\/francebleu-projet-de-troisieme-ligne-de-metro-a-toulouse-le-debat-public-prend-fin\/#primaryimage"},"thumbnailUrl":"https:\/\/autate.fr\/site\/wp-content\/uploads\/2016\/12\/jerome_laurent.jpg.pagespeed.ce_.OFAXc9f142.jpg","datePublished":"2016-12-16T10:41:19+00:00","dateModified":"2016-12-19T10:46:31+00:00","breadcrumb":{"@id":"https:\/\/autate.fr\/site\/francebleu-projet-de-troisieme-ligne-de-metro-a-toulouse-le-debat-public-prend-fin\/#breadcrumb"},"inLanguage":"fr-FR","potentialAction":[{"@type":"ReadAction","target":["https:\/\/autate.fr\/site\/francebleu-projet-de-troisieme-ligne-de-metro-a-toulouse-le-debat-public-prend-fin\/"]}]},{"@type":"ImageObject","inLanguage":"fr-FR","@id":"https:\/\/autate.fr\/site\/francebleu-projet-de-troisieme-ligne-de-metro-a-toulouse-le-debat-public-prend-fin\/#primaryimage","url":"https:\/\/autate.fr\/site\/wp-content\/uploads\/2016\/12\/jerome_laurent.jpg.pagespeed.ce_.OFAXc9f142.jpg","contentUrl":"https:\/\/autate.fr\/site\/wp-content\/uploads\/2016\/12\/jerome_laurent.jpg.pagespeed.ce_.OFAXc9f142.jpg","width":860,"height":645},{"@type":"BreadcrumbList","@id":"https:\/\/autate.fr\/site\/francebleu-projet-de-troisieme-ligne-de-metro-a-toulouse-le-debat-public-prend-fin\/#breadcrumb","itemListElement":[{"@type":"ListItem","position":1,"name":"Accueil","item":"https:\/\/autate.fr\/site\/"},{"@type":"ListItem","position":2,"name":"[FranceBleu] Projet de troisi\u00e8me ligne de m\u00e9tro \u00e0 Toulouse : le d\u00e9bat public prend fin"}]},{"@type":"WebSite","@id":"https:\/\/autate.fr\/site\/#website","url":"https:\/\/autate.fr\/site\/","name":"AUTATE","description":"Association des usagers des transports de l&#039;agglom\u00e9ration Toulousaine et de ses environs","publisher":{"@id":"https:\/\/autate.fr\/site\/#organization"},"potentialAction":[{"@type":"SearchAction","target":{"@type":"EntryPoint","urlTemplate":"https:\/\/autate.fr\/site\/?s={search_term_string}"},"query-input":{"@type":"PropertyValueSpecification","valueRequired":true,"valueName":"search_term_string"}}],"inLanguage":"fr-FR"},{"@type":"Organization","@id":"https:\/\/autate.fr\/site\/#organization","name":"AUTATE","url":"https:\/\/autate.fr\/site\/","logo":{"@type":"ImageObject","inLanguage":"fr-FR","@id":"https:\/\/autate.fr\/site\/#\/schema\/logo\/image\/","url":"http:\/\/autate.fr\/site\/wp-content\/uploads\/2019\/01\/logo.png","contentUrl":"http:\/\/autate.fr\/site\/wp-content\/uploads\/2019\/01\/logo.png","width":506,"height":280,"caption":"AUTATE"},"image":{"@id":"https:\/\/autate.fr\/site\/#\/schema\/logo\/image\/"},"sameAs":["https:\/\/www.facebook.com\/AutateToulouse","https:\/\/x.com\/AutateToulouse"]},{"@type":"Person","@id":"https:\/\/autate.fr\/site\/#\/schema\/person\/ae1ab8bdaa7b41d2a9b52d2557ce8254","name":"pascalbarbier","image":{"@type":"ImageObject","inLanguage":"fr-FR","@id":"https:\/\/secure.gravatar.com\/avatar\/03f4e8ced09894b72c67e83142540730d4b3bbf619bf46341b0074e3bf5f08a0?s=96&d=mm&r=g","url":"https:\/\/secure.gravatar.com\/avatar\/03f4e8ced09894b72c67e83142540730d4b3bbf619bf46341b0074e3bf5f08a0?s=96&d=mm&r=g","contentUrl":"https:\/\/secure.gravatar.com\/avatar\/03f4e8ced09894b72c67e83142540730d4b3bbf619bf46341b0074e3bf5f08a0?s=96&d=mm&r=g","caption":"pascalbarbier"},"url":"https:\/\/autate.fr\/site\/author\/pascalbarbier\/"}]}},"_links":{"self":[{"href":"https:\/\/autate.fr\/site\/wp-json\/wp\/v2\/posts\/1140","targetHints":{"allow":["GET"]}}],"collection":[{"href":"https:\/\/autate.fr\/site\/wp-json\/wp\/v2\/posts"}],"about":[{"href":"https:\/\/autate.fr\/site\/wp-json\/wp\/v2\/types\/post"}],"author":[{"embeddable":true,"href":"https:\/\/autate.fr\/site\/wp-json\/wp\/v2\/users\/1"}],"replies":[{"embeddable":true,"href":"https:\/\/autate.fr\/site\/wp-json\/wp\/v2\/comments?post=1140"}],"version-history":[{"count":1,"href":"https:\/\/autate.fr\/site\/wp-json\/wp\/v2\/posts\/1140\/revisions"}],"predecessor-version":[{"id":1142,"href":"https:\/\/autate.fr\/site\/wp-json\/wp\/v2\/posts\/1140\/revisions\/1142"}],"wp:featuredmedia":[{"embeddable":true,"href":"https:\/\/autate.fr\/site\/wp-json\/wp\/v2\/media\/1141"}],"wp:attachment":[{"href":"https:\/\/autate.fr\/site\/wp-json\/wp\/v2\/media?parent=1140"}],"wp:term":[{"taxonomy":"category","embeddable":true,"href":"https:\/\/autate.fr\/site\/wp-json\/wp\/v2\/categories?post=1140"},{"taxonomy":"post_tag","embeddable":true,"href":"https:\/\/autate.fr\/site\/wp-json\/wp\/v2\/tags?post=1140"}],"curies":[{"name":"wp","href":"https:\/\/api.w.org\/{rel}","templated":true}]}}