{"id":108,"date":"2015-12-19T14:01:08","date_gmt":"2015-12-19T13:01:08","guid":{"rendered":"http:\/\/autate.fr\/site\/?p=108"},"modified":"2016-08-10T21:19:42","modified_gmt":"2016-08-10T19:19:42","slug":"la-depeche-metro-voici-la-ligne-airbus","status":"publish","type":"post","link":"https:\/\/autate.fr\/site\/la-depeche-metro-voici-la-ligne-airbus\/","title":{"rendered":"[La D\u00e9p\u00eache] M\u00e9tro : voici la \u00abligne Airbus\u00bb"},"content":{"rendered":"<div class=\"p402_premium\">\n<p>D&rsquo;Airbus-Colomiers et Saint-Martin \u00e0 Airbus- Palays, la 3e ligne reliera les principaux p\u00f4les de l&rsquo;avionneur via la gare Matabiau, le nord et l&rsquo;est de <a href=\"http:\/\/www.ladepeche.fr\/communes\/toulouse,31555.html\">Toulouse<\/a> mais sans desservir l&rsquo;a\u00e9roport.<\/p>\n<div id=\"pub_dfp_article\" class=\"pub \"><\/div>\n<p>C&rsquo;est un beau projet, c&rsquo;est une belle histoire, aurait pu fredonner Jean-Michel Lattes, visiblement satisfait de pr\u00e9senter, hier aux \u00e9lus du SMTC Tiss\u00e9o, \u00abl&rsquo;itin\u00e9raire de r\u00e9f\u00e9rence\u00bb de la future troisi\u00e8me ligne de m\u00e9tro. Une pr\u00e9sentation \u00aben temps et en heure, comme annonc\u00e9 lors de l&rsquo;expos\u00e9 de notre feuille de route en d\u00e9but d&rsquo;ann\u00e9e, ce qui montre qu&rsquo;on tient le calendrier pr\u00e9vu\u00bb, souligne le patron de l&rsquo;autorit\u00e9 organisatrice des transports, qui d\u00e9taille \u00abun trac\u00e9 tr\u00e8s pr\u00e9cis, techniquement r\u00e9alisable, qui a n\u00e9cessit\u00e9 des mois de travail d&rsquo;une quinzaine d&rsquo;ing\u00e9nieurs du SMTC, de la Smat (soci\u00e9t\u00e9 de la mobilit\u00e9 de l&rsquo;agglom\u00e9ration) et de l&rsquo;AUAT (agence d&rsquo;urbanisme de l&rsquo;aire urbaine) selon la m\u00e9thode utilis\u00e9e pour le projet de l&rsquo;Airbus A320-n\u00e9o\u00bb.<\/p>\n<p>Un \u00abprojet enthousiasmant\u00bb, lance Jean-Luc Moudenc, \u00abqui colle aux dynamiques \u00e9conomiques et d\u00e9mographiques de l&rsquo;agglom\u00e9ration\u00bb, poursuit le maire de Toulouse, \u00ables trois-quarts du d\u00e9veloppement se font \u00e0 l&rsquo;ouest et l&rsquo;urbanisation va \u00eatre la plus forte au nord de Toulouse\u00bb.<\/p>\n<p>Toulouse Aerospace Express devrait plut\u00f4t s&rsquo;appeler \u00abligne Airbus\u00bb car elle va relier les deux p\u00f4les du groupe a\u00e9ronautique et spatial : \u00e0 l&rsquo;ouest avec deux stations \u00e0 Airbus Colomiers et Airbus Saint-Martin-du-Touch ; au sud-est avec le terminus \u00e0 Airbus Defence and Space (ex Astrium) au Palays. L&rsquo;id\u00e9e est de d\u00e9sengorger la principale cause de bouchons \u00e0 l&rsquo;ouest, la seule entr\u00e9e d&rsquo;Airbus \u00e0 Saint-Martin-du-Touch attirant chaque jour 40 000 v\u00e9hicules\/jour, et de relier entre eux les principaux p\u00f4les \u00e9conomiques toulousains. Cela passe par la desserte de la gare Matabiau \u00e0 Marengo (connexion avec ligne A) et de son futur quartier d&rsquo;affaires et d&rsquo;habitat li\u00e9 \u00e0 l&rsquo;arriv\u00e9e esp\u00e9r\u00e9e de la LGV, du campus de Montaudran (connexion possible avec le futur t\u00e9l\u00e9ph\u00e9rique urbain) ou du parc d&rsquo;activit\u00e9s, centre routier et march\u00e9 gare de Fondeyre. La troisi\u00e8me ligne irrigue aussi les quartiers nord de Toulouse : Sept-Deniers, boulevard de Suisse, La Vache (connexion avec la ligne B), Toulouse-Lautrec (son lyc\u00e9e et son coll\u00e8ge), la gare Raynal et le Faubourg Bonnefoy. Elle dessert enfin l&rsquo;est de Toulouse \u00e0 Fran\u00e7ois-Verdier (connexion avec la ligne B), Jean-Rieux, Cote Pav\u00e9e et L&rsquo;Ormeau.<\/p>\n<p>Mais, grosse surprise, elle, ne desservira pas directement l&rsquo;a\u00e9roport de Blagnac comme pr\u00e9vu initialement, une correspondance par tram \u00e9tant obligatoire \u00e0 Jean-Maga (24 minutes entre gare et a\u00e9roport en tram + m\u00e9tro). Lab\u00e8ge ou Malep\u00e8re sont aussi en option. Un \u00abni ni\u00bb explicable par le surco\u00fbt financier que ces variantes imposeraient au 1,7 milliard d&rsquo;\u20ac du projet. Ces options sont toutefois pr\u00e9serv\u00e9es, pr\u00e9cise Moudenc. \u00e0 condition de payer\u2026 Le financement a \u00e9t\u00e9 renvoy\u00e9 \u00e0 l&rsquo;\u00e9t\u00e9 2016. Mise en service annonc\u00e9e : 2024.<\/p>\n<p><a href=\"http:\/\/www.ladepeche.fr\/article\/2015\/12\/19\/2241574-metro-voici-la-ligne-airbus.html\">lire la suite sur le site de la D\u00e9p\u00eache<\/a><\/p>\n<hr \/>\n<h2 class=\"titre\"><\/h2>\n<\/div>\n","protected":false},"excerpt":{"rendered":"<p>D&rsquo;Airbus-Colomiers et Saint-Martin \u00e0 Airbus- Palays, la 3e ligne reliera les principaux p\u00f4les de l&rsquo;avionneur via la gare Matabiau, le nord et l&rsquo;est de Toulouse mais sans desservir l&rsquo;a\u00e9roport. C&rsquo;est un beau projet, c&rsquo;est une belle histoire, aurait pu fredonner Jean-Michel Lattes, visiblement satisfait de pr\u00e9senter, hier aux \u00e9lus du SMTC Tiss\u00e9o, \u00abl&rsquo;itin\u00e9raire de r\u00e9f\u00e9rence\u00bb<\/p>\n<p class=\"more-link\"><a href=\"https:\/\/autate.fr\/site\/la-depeche-metro-voici-la-ligne-airbus\/\" class=\"themebutton2\">VOIR PLUS<\/a><\/p>\n","protected":false},"author":1,"featured_media":0,"comment_status":"open","ping_status":"open","sticky":false,"template":"","format":"standard","meta":{"footnotes":""},"categories":[7],"tags":[172,12],"class_list":["post-108","post","type-post","status-publish","format-standard","hentry","category-revue-de-presse","tag-3eme-ligne-metro","tag-metro"],"yoast_head":"<!-- This site is optimized with the Yoast SEO plugin v27.4 - https:\/\/yoast.com\/product\/yoast-seo-wordpress\/ -->\n<title>[La D\u00e9p\u00eache] M\u00e9tro : voici la \u00abligne Airbus\u00bb - AUTATE<\/title>\n<meta name=\"robots\" content=\"index, follow, max-snippet:-1, max-image-preview:large, max-video-preview:-1\" \/>\n<link rel=\"canonical\" href=\"https:\/\/autate.fr\/site\/la-depeche-metro-voici-la-ligne-airbus\/\" \/>\n<meta property=\"og:locale\" content=\"fr_FR\" \/>\n<meta property=\"og:type\" content=\"article\" \/>\n<meta property=\"og:title\" content=\"[La D\u00e9p\u00eache] M\u00e9tro : voici la \u00abligne Airbus\u00bb - AUTATE\" \/>\n<meta property=\"og:description\" content=\"D&rsquo;Airbus-Colomiers et Saint-Martin \u00e0 Airbus- Palays, la 3e ligne reliera les principaux p\u00f4les de l&rsquo;avionneur via la gare Matabiau, le nord et l&rsquo;est de Toulouse mais sans desservir l&rsquo;a\u00e9roport. C&rsquo;est un beau projet, c&rsquo;est une belle histoire, aurait pu fredonner Jean-Michel Lattes, visiblement satisfait de pr\u00e9senter, hier aux \u00e9lus du SMTC Tiss\u00e9o, \u00abl&rsquo;itin\u00e9raire de r\u00e9f\u00e9rence\u00bbVOIR PLUS\" \/>\n<meta property=\"og:url\" content=\"https:\/\/autate.fr\/site\/la-depeche-metro-voici-la-ligne-airbus\/\" \/>\n<meta property=\"og:site_name\" content=\"AUTATE\" \/>\n<meta property=\"article:publisher\" content=\"https:\/\/www.facebook.com\/AutateToulouse\" \/>\n<meta property=\"article:published_time\" content=\"2015-12-19T13:01:08+00:00\" \/>\n<meta property=\"article:modified_time\" content=\"2016-08-10T19:19:42+00:00\" \/>\n<meta name=\"author\" content=\"pascalbarbier\" \/>\n<meta name=\"twitter:card\" content=\"summary_large_image\" \/>\n<meta name=\"twitter:creator\" content=\"@AutateToulouse\" \/>\n<meta name=\"twitter:site\" content=\"@AutateToulouse\" \/>\n<meta name=\"twitter:label1\" content=\"\u00c9crit par\" \/>\n\t<meta name=\"twitter:data1\" content=\"pascalbarbier\" \/>\n\t<meta name=\"twitter:label2\" content=\"Dur\u00e9e de lecture estim\u00e9e\" \/>\n\t<meta name=\"twitter:data2\" content=\"2 minutes\" \/>\n<script type=\"application\/ld+json\" class=\"yoast-schema-graph\">{\"@context\":\"https:\\\/\\\/schema.org\",\"@graph\":[{\"@type\":\"Article\",\"@id\":\"https:\\\/\\\/autate.fr\\\/site\\\/la-depeche-metro-voici-la-ligne-airbus\\\/#article\",\"isPartOf\":{\"@id\":\"https:\\\/\\\/autate.fr\\\/site\\\/la-depeche-metro-voici-la-ligne-airbus\\\/\"},\"author\":{\"name\":\"pascalbarbier\",\"@id\":\"https:\\\/\\\/autate.fr\\\/site\\\/#\\\/schema\\\/person\\\/ae1ab8bdaa7b41d2a9b52d2557ce8254\"},\"headline\":\"[La D\u00e9p\u00eache] M\u00e9tro : voici la \u00abligne Airbus\u00bb\",\"datePublished\":\"2015-12-19T13:01:08+00:00\",\"dateModified\":\"2016-08-10T19:19:42+00:00\",\"mainEntityOfPage\":{\"@id\":\"https:\\\/\\\/autate.fr\\\/site\\\/la-depeche-metro-voici-la-ligne-airbus\\\/\"},\"wordCount\":509,\"commentCount\":0,\"publisher\":{\"@id\":\"https:\\\/\\\/autate.fr\\\/site\\\/#organization\"},\"keywords\":[\"3\u00e8me ligne m\u00e9tro\",\"m\u00e9tro\"],\"articleSection\":[\"Revue de presse\"],\"inLanguage\":\"fr-FR\",\"potentialAction\":[{\"@type\":\"CommentAction\",\"name\":\"Comment\",\"target\":[\"https:\\\/\\\/autate.fr\\\/site\\\/la-depeche-metro-voici-la-ligne-airbus\\\/#respond\"]}]},{\"@type\":\"WebPage\",\"@id\":\"https:\\\/\\\/autate.fr\\\/site\\\/la-depeche-metro-voici-la-ligne-airbus\\\/\",\"url\":\"https:\\\/\\\/autate.fr\\\/site\\\/la-depeche-metro-voici-la-ligne-airbus\\\/\",\"name\":\"[La D\u00e9p\u00eache] M\u00e9tro : voici la \u00abligne Airbus\u00bb - AUTATE\",\"isPartOf\":{\"@id\":\"https:\\\/\\\/autate.fr\\\/site\\\/#website\"},\"datePublished\":\"2015-12-19T13:01:08+00:00\",\"dateModified\":\"2016-08-10T19:19:42+00:00\",\"breadcrumb\":{\"@id\":\"https:\\\/\\\/autate.fr\\\/site\\\/la-depeche-metro-voici-la-ligne-airbus\\\/#breadcrumb\"},\"inLanguage\":\"fr-FR\",\"potentialAction\":[{\"@type\":\"ReadAction\",\"target\":[\"https:\\\/\\\/autate.fr\\\/site\\\/la-depeche-metro-voici-la-ligne-airbus\\\/\"]}]},{\"@type\":\"BreadcrumbList\",\"@id\":\"https:\\\/\\\/autate.fr\\\/site\\\/la-depeche-metro-voici-la-ligne-airbus\\\/#breadcrumb\",\"itemListElement\":[{\"@type\":\"ListItem\",\"position\":1,\"name\":\"Accueil\",\"item\":\"https:\\\/\\\/autate.fr\\\/site\\\/\"},{\"@type\":\"ListItem\",\"position\":2,\"name\":\"[La D\u00e9p\u00eache] M\u00e9tro : voici la \u00abligne Airbus\u00bb\"}]},{\"@type\":\"WebSite\",\"@id\":\"https:\\\/\\\/autate.fr\\\/site\\\/#website\",\"url\":\"https:\\\/\\\/autate.fr\\\/site\\\/\",\"name\":\"AUTATE\",\"description\":\"Association des usagers des transports de l&#039;agglom\u00e9ration Toulousaine et de ses environs\",\"publisher\":{\"@id\":\"https:\\\/\\\/autate.fr\\\/site\\\/#organization\"},\"potentialAction\":[{\"@type\":\"SearchAction\",\"target\":{\"@type\":\"EntryPoint\",\"urlTemplate\":\"https:\\\/\\\/autate.fr\\\/site\\\/?s={search_term_string}\"},\"query-input\":{\"@type\":\"PropertyValueSpecification\",\"valueRequired\":true,\"valueName\":\"search_term_string\"}}],\"inLanguage\":\"fr-FR\"},{\"@type\":\"Organization\",\"@id\":\"https:\\\/\\\/autate.fr\\\/site\\\/#organization\",\"name\":\"AUTATE\",\"url\":\"https:\\\/\\\/autate.fr\\\/site\\\/\",\"logo\":{\"@type\":\"ImageObject\",\"inLanguage\":\"fr-FR\",\"@id\":\"https:\\\/\\\/autate.fr\\\/site\\\/#\\\/schema\\\/logo\\\/image\\\/\",\"url\":\"http:\\\/\\\/autate.fr\\\/site\\\/wp-content\\\/uploads\\\/2019\\\/01\\\/logo.png\",\"contentUrl\":\"http:\\\/\\\/autate.fr\\\/site\\\/wp-content\\\/uploads\\\/2019\\\/01\\\/logo.png\",\"width\":506,\"height\":280,\"caption\":\"AUTATE\"},\"image\":{\"@id\":\"https:\\\/\\\/autate.fr\\\/site\\\/#\\\/schema\\\/logo\\\/image\\\/\"},\"sameAs\":[\"https:\\\/\\\/www.facebook.com\\\/AutateToulouse\",\"https:\\\/\\\/x.com\\\/AutateToulouse\"]},{\"@type\":\"Person\",\"@id\":\"https:\\\/\\\/autate.fr\\\/site\\\/#\\\/schema\\\/person\\\/ae1ab8bdaa7b41d2a9b52d2557ce8254\",\"name\":\"pascalbarbier\",\"image\":{\"@type\":\"ImageObject\",\"inLanguage\":\"fr-FR\",\"@id\":\"https:\\\/\\\/secure.gravatar.com\\\/avatar\\\/03f4e8ced09894b72c67e83142540730d4b3bbf619bf46341b0074e3bf5f08a0?s=96&d=mm&r=g\",\"url\":\"https:\\\/\\\/secure.gravatar.com\\\/avatar\\\/03f4e8ced09894b72c67e83142540730d4b3bbf619bf46341b0074e3bf5f08a0?s=96&d=mm&r=g\",\"contentUrl\":\"https:\\\/\\\/secure.gravatar.com\\\/avatar\\\/03f4e8ced09894b72c67e83142540730d4b3bbf619bf46341b0074e3bf5f08a0?s=96&d=mm&r=g\",\"caption\":\"pascalbarbier\"},\"url\":\"https:\\\/\\\/autate.fr\\\/site\\\/author\\\/pascalbarbier\\\/\"}]}<\/script>\n<!-- \/ Yoast SEO plugin. -->","yoast_head_json":{"title":"[La D\u00e9p\u00eache] M\u00e9tro : voici la \u00abligne Airbus\u00bb - AUTATE","robots":{"index":"index","follow":"follow","max-snippet":"max-snippet:-1","max-image-preview":"max-image-preview:large","max-video-preview":"max-video-preview:-1"},"canonical":"https:\/\/autate.fr\/site\/la-depeche-metro-voici-la-ligne-airbus\/","og_locale":"fr_FR","og_type":"article","og_title":"[La D\u00e9p\u00eache] M\u00e9tro : voici la \u00abligne Airbus\u00bb - AUTATE","og_description":"D&rsquo;Airbus-Colomiers et Saint-Martin \u00e0 Airbus- Palays, la 3e ligne reliera les principaux p\u00f4les de l&rsquo;avionneur via la gare Matabiau, le nord et l&rsquo;est de Toulouse mais sans desservir l&rsquo;a\u00e9roport. C&rsquo;est un beau projet, c&rsquo;est une belle histoire, aurait pu fredonner Jean-Michel Lattes, visiblement satisfait de pr\u00e9senter, hier aux \u00e9lus du SMTC Tiss\u00e9o, \u00abl&rsquo;itin\u00e9raire de r\u00e9f\u00e9rence\u00bbVOIR PLUS","og_url":"https:\/\/autate.fr\/site\/la-depeche-metro-voici-la-ligne-airbus\/","og_site_name":"AUTATE","article_publisher":"https:\/\/www.facebook.com\/AutateToulouse","article_published_time":"2015-12-19T13:01:08+00:00","article_modified_time":"2016-08-10T19:19:42+00:00","author":"pascalbarbier","twitter_card":"summary_large_image","twitter_creator":"@AutateToulouse","twitter_site":"@AutateToulouse","twitter_misc":{"\u00c9crit par":"pascalbarbier","Dur\u00e9e de lecture estim\u00e9e":"2 minutes"},"schema":{"@context":"https:\/\/schema.org","@graph":[{"@type":"Article","@id":"https:\/\/autate.fr\/site\/la-depeche-metro-voici-la-ligne-airbus\/#article","isPartOf":{"@id":"https:\/\/autate.fr\/site\/la-depeche-metro-voici-la-ligne-airbus\/"},"author":{"name":"pascalbarbier","@id":"https:\/\/autate.fr\/site\/#\/schema\/person\/ae1ab8bdaa7b41d2a9b52d2557ce8254"},"headline":"[La D\u00e9p\u00eache] M\u00e9tro : voici la \u00abligne Airbus\u00bb","datePublished":"2015-12-19T13:01:08+00:00","dateModified":"2016-08-10T19:19:42+00:00","mainEntityOfPage":{"@id":"https:\/\/autate.fr\/site\/la-depeche-metro-voici-la-ligne-airbus\/"},"wordCount":509,"commentCount":0,"publisher":{"@id":"https:\/\/autate.fr\/site\/#organization"},"keywords":["3\u00e8me ligne m\u00e9tro","m\u00e9tro"],"articleSection":["Revue de presse"],"inLanguage":"fr-FR","potentialAction":[{"@type":"CommentAction","name":"Comment","target":["https:\/\/autate.fr\/site\/la-depeche-metro-voici-la-ligne-airbus\/#respond"]}]},{"@type":"WebPage","@id":"https:\/\/autate.fr\/site\/la-depeche-metro-voici-la-ligne-airbus\/","url":"https:\/\/autate.fr\/site\/la-depeche-metro-voici-la-ligne-airbus\/","name":"[La D\u00e9p\u00eache] M\u00e9tro : voici la \u00abligne Airbus\u00bb - AUTATE","isPartOf":{"@id":"https:\/\/autate.fr\/site\/#website"},"datePublished":"2015-12-19T13:01:08+00:00","dateModified":"2016-08-10T19:19:42+00:00","breadcrumb":{"@id":"https:\/\/autate.fr\/site\/la-depeche-metro-voici-la-ligne-airbus\/#breadcrumb"},"inLanguage":"fr-FR","potentialAction":[{"@type":"ReadAction","target":["https:\/\/autate.fr\/site\/la-depeche-metro-voici-la-ligne-airbus\/"]}]},{"@type":"BreadcrumbList","@id":"https:\/\/autate.fr\/site\/la-depeche-metro-voici-la-ligne-airbus\/#breadcrumb","itemListElement":[{"@type":"ListItem","position":1,"name":"Accueil","item":"https:\/\/autate.fr\/site\/"},{"@type":"ListItem","position":2,"name":"[La D\u00e9p\u00eache] M\u00e9tro : voici la \u00abligne Airbus\u00bb"}]},{"@type":"WebSite","@id":"https:\/\/autate.fr\/site\/#website","url":"https:\/\/autate.fr\/site\/","name":"AUTATE","description":"Association des usagers des transports de l&#039;agglom\u00e9ration Toulousaine et de ses environs","publisher":{"@id":"https:\/\/autate.fr\/site\/#organization"},"potentialAction":[{"@type":"SearchAction","target":{"@type":"EntryPoint","urlTemplate":"https:\/\/autate.fr\/site\/?s={search_term_string}"},"query-input":{"@type":"PropertyValueSpecification","valueRequired":true,"valueName":"search_term_string"}}],"inLanguage":"fr-FR"},{"@type":"Organization","@id":"https:\/\/autate.fr\/site\/#organization","name":"AUTATE","url":"https:\/\/autate.fr\/site\/","logo":{"@type":"ImageObject","inLanguage":"fr-FR","@id":"https:\/\/autate.fr\/site\/#\/schema\/logo\/image\/","url":"http:\/\/autate.fr\/site\/wp-content\/uploads\/2019\/01\/logo.png","contentUrl":"http:\/\/autate.fr\/site\/wp-content\/uploads\/2019\/01\/logo.png","width":506,"height":280,"caption":"AUTATE"},"image":{"@id":"https:\/\/autate.fr\/site\/#\/schema\/logo\/image\/"},"sameAs":["https:\/\/www.facebook.com\/AutateToulouse","https:\/\/x.com\/AutateToulouse"]},{"@type":"Person","@id":"https:\/\/autate.fr\/site\/#\/schema\/person\/ae1ab8bdaa7b41d2a9b52d2557ce8254","name":"pascalbarbier","image":{"@type":"ImageObject","inLanguage":"fr-FR","@id":"https:\/\/secure.gravatar.com\/avatar\/03f4e8ced09894b72c67e83142540730d4b3bbf619bf46341b0074e3bf5f08a0?s=96&d=mm&r=g","url":"https:\/\/secure.gravatar.com\/avatar\/03f4e8ced09894b72c67e83142540730d4b3bbf619bf46341b0074e3bf5f08a0?s=96&d=mm&r=g","contentUrl":"https:\/\/secure.gravatar.com\/avatar\/03f4e8ced09894b72c67e83142540730d4b3bbf619bf46341b0074e3bf5f08a0?s=96&d=mm&r=g","caption":"pascalbarbier"},"url":"https:\/\/autate.fr\/site\/author\/pascalbarbier\/"}]}},"_links":{"self":[{"href":"https:\/\/autate.fr\/site\/wp-json\/wp\/v2\/posts\/108","targetHints":{"allow":["GET"]}}],"collection":[{"href":"https:\/\/autate.fr\/site\/wp-json\/wp\/v2\/posts"}],"about":[{"href":"https:\/\/autate.fr\/site\/wp-json\/wp\/v2\/types\/post"}],"author":[{"embeddable":true,"href":"https:\/\/autate.fr\/site\/wp-json\/wp\/v2\/users\/1"}],"replies":[{"embeddable":true,"href":"https:\/\/autate.fr\/site\/wp-json\/wp\/v2\/comments?post=108"}],"version-history":[{"count":2,"href":"https:\/\/autate.fr\/site\/wp-json\/wp\/v2\/posts\/108\/revisions"}],"predecessor-version":[{"id":110,"href":"https:\/\/autate.fr\/site\/wp-json\/wp\/v2\/posts\/108\/revisions\/110"}],"wp:attachment":[{"href":"https:\/\/autate.fr\/site\/wp-json\/wp\/v2\/media?parent=108"}],"wp:term":[{"taxonomy":"category","embeddable":true,"href":"https:\/\/autate.fr\/site\/wp-json\/wp\/v2\/categories?post=108"},{"taxonomy":"post_tag","embeddable":true,"href":"https:\/\/autate.fr\/site\/wp-json\/wp\/v2\/tags?post=108"}],"curies":[{"name":"wp","href":"https:\/\/api.w.org\/{rel}","templated":true}]}}