{"id":1078,"date":"2016-11-28T15:44:21","date_gmt":"2016-11-28T14:44:21","guid":{"rendered":"http:\/\/autate.fr\/site\/?p=1078"},"modified":"2016-11-28T15:44:21","modified_gmt":"2016-11-28T14:44:21","slug":"la-depeche-ils-veulent-garder-loccitan-et-le-cerbere-les-trains-de-nuit-toulouse-paris","status":"publish","type":"post","link":"https:\/\/autate.fr\/site\/la-depeche-ils-veulent-garder-loccitan-et-le-cerbere-les-trains-de-nuit-toulouse-paris\/","title":{"rendered":"[La D\u00e9p\u00eache] Ils veulent garder l&rsquo;Occitan et le Cerb\u00e8re, les trains de nuit Toulouse-Paris"},"content":{"rendered":"<p>un article de Philippe Emery publi\u00e9 dans la D\u00e9p\u00eache le 25\/11\/2016<\/p>\n<p>Un rassemblement a eu lieu hier soir devant la gare Matabiau, \u00e0 l&rsquo;appel de l&rsquo;association 2 pieds, 2 roues et de l&rsquo;Autate (association des usagers des transports de l&rsquo;agglom\u00e9ration toulousaine) pour sauver les trains de nuit l&rsquo;Occitan Toulouse-Paris et le Cerb\u00e8re Port-Bou\/<a href=\"http:\/\/www.ladepeche.fr\/communes\/toulouse,31555.html\">Toulouse<\/a>\/Paris, qui doivent tous deux arr\u00eater de circuler le 10 d\u00e9cembre prochain. On relevait la pr\u00e9sence de Jean-Luc Gibelin, vice-pr\u00e9sident de la r\u00e9gion Occitanie en charge des transports.<\/p>\n<div id=\"pub_dfp_article\" class=\"pub \" data-google-query-id=\"CMmYj6rXy9ACFTgD0woddP8GBA\"><\/div>\n<p>\u00abLe train de nuit est un vrai service public qui met la capitale \u00e0 une heure de Toulouse, le temps de s&rsquo;endormir et de se r\u00e9veiller\u00bb, argumente avec humour S\u00e9bastien Bosvieux, pr\u00e9sident de l&rsquo;association 2 pieds, 2 roues et habitu\u00e9 de ce mode transport ferroviaire et nocturne, \u00abc&rsquo;est un moyen \u00e9conomique (20 \u20ac pour les si\u00e8ges inclin\u00e9s, 35 \u20ac pour les couchettes si on s&rsquo;y prend \u00e0 l&rsquo;avance) et pratique, voire convivial car on partage un compartiment, ce qui est propice \u00e0 la discussion. Moi, je le prends une ou deux fois par mois pour des raisons personnelle ou professionnelle. Avec des boules Quies et un peu d&rsquo;habitude, on n&rsquo;est m\u00eame pas g\u00ean\u00e9s par les gros ronfleurs. On part \u00e0 22 h 30 pour arriver \u00e0 6 h 50 \u00e0 Paris (l&rsquo;Occitan) ou \u00e0 1 heure du matin pour arriver \u00e0 7 h 30 (le Cerb\u00e8re), ce qui laisse devant soi une journ\u00e9e enti\u00e8re. Un autre avantage est qu&rsquo;on peut amener son v\u00e9lo avec soi, un local sp\u00e9cial est am\u00e9nag\u00e9, contre un modique suppl\u00e9ment. Ces trains sont le plus souvent complets alors que les r\u00e9servations sont ouvertes par la SNCF plus tard que pour des TGV par exemple, peut-\u00eatre pour que ces trains de nuit ne soient pas trop visibles. Il n&rsquo;y a plus malheureusement ni bar, ni resto, ni service ni m\u00eame distributeurs automatiques qui avaient \u00e9t\u00e9 install\u00e9s un temps. Il n&rsquo;y a plus de douches en gare ni \u00e0 Matabiau ni \u00e0 Austerlitz. La SNCF fait tout pour d\u00e9courager ces trains nocturnes, on dirait\u00bb. <a href=\"http:\/\/www.ladepeche.fr\/article\/2016\/11\/25\/2465415-veulent-garder-occitan-cerbere-trains-nuit-toulouse-paris.html\" target=\"_blank\">lire l&rsquo;article complet<\/a><\/p>\n","protected":false},"excerpt":{"rendered":"<p>un article de Philippe Emery publi\u00e9 dans la D\u00e9p\u00eache le 25\/11\/2016 Un rassemblement a eu lieu hier soir devant la gare Matabiau, \u00e0 l&rsquo;appel de l&rsquo;association 2 pieds, 2 roues et de l&rsquo;Autate (association des usagers des transports de l&rsquo;agglom\u00e9ration toulousaine) pour sauver les trains de nuit l&rsquo;Occitan Toulouse-Paris et le Cerb\u00e8re Port-Bou\/Toulouse\/Paris, qui doivent<\/p>\n<p class=\"more-link\"><a href=\"https:\/\/autate.fr\/site\/la-depeche-ils-veulent-garder-loccitan-et-le-cerbere-les-trains-de-nuit-toulouse-paris\/\" class=\"themebutton2\">VOIR PLUS<\/a><\/p>\n","protected":false},"author":1,"featured_media":1079,"comment_status":"open","ping_status":"open","sticky":false,"template":"","format":"standard","meta":{"footnotes":""},"categories":[7],"tags":[247,11,263,66,69],"class_list":["post-1078","post","type-post","status-publish","format-standard","has-post-thumbnail","hentry","category-revue-de-presse","tag-intercites","tag-sncf","tag-tet","tag-train-de-nuit","tag-velo"],"yoast_head":"<!-- This site is optimized with the Yoast SEO plugin v27.4 - https:\/\/yoast.com\/product\/yoast-seo-wordpress\/ -->\n<title>[La D\u00e9p\u00eache] Ils veulent garder l&#039;Occitan et le Cerb\u00e8re, les trains de nuit Toulouse-Paris - AUTATE<\/title>\n<meta name=\"robots\" content=\"index, follow, max-snippet:-1, max-image-preview:large, max-video-preview:-1\" \/>\n<link rel=\"canonical\" href=\"https:\/\/autate.fr\/site\/la-depeche-ils-veulent-garder-loccitan-et-le-cerbere-les-trains-de-nuit-toulouse-paris\/\" \/>\n<meta property=\"og:locale\" content=\"fr_FR\" \/>\n<meta property=\"og:type\" content=\"article\" \/>\n<meta property=\"og:title\" content=\"[La D\u00e9p\u00eache] Ils veulent garder l&#039;Occitan et le Cerb\u00e8re, les trains de nuit Toulouse-Paris - AUTATE\" \/>\n<meta property=\"og:description\" content=\"un article de Philippe Emery publi\u00e9 dans la D\u00e9p\u00eache le 25\/11\/2016 Un rassemblement a eu lieu hier soir devant la gare Matabiau, \u00e0 l&rsquo;appel de l&rsquo;association 2 pieds, 2 roues et de l&rsquo;Autate (association des usagers des transports de l&rsquo;agglom\u00e9ration toulousaine) pour sauver les trains de nuit l&rsquo;Occitan Toulouse-Paris et le Cerb\u00e8re Port-Bou\/Toulouse\/Paris, qui doiventVOIR PLUS\" \/>\n<meta property=\"og:url\" content=\"https:\/\/autate.fr\/site\/la-depeche-ils-veulent-garder-loccitan-et-le-cerbere-les-trains-de-nuit-toulouse-paris\/\" \/>\n<meta property=\"og:site_name\" content=\"AUTATE\" \/>\n<meta property=\"article:publisher\" content=\"https:\/\/www.facebook.com\/AutateToulouse\" \/>\n<meta property=\"article:published_time\" content=\"2016-11-28T14:44:21+00:00\" \/>\n<meta property=\"og:image\" content=\"https:\/\/autate.fr\/site\/wp-content\/uploads\/2016\/11\/traindnuitmatabiau.jpg\" \/>\n\t<meta property=\"og:image:width\" content=\"650\" \/>\n\t<meta property=\"og:image:height\" content=\"350\" \/>\n\t<meta property=\"og:image:type\" content=\"image\/jpeg\" \/>\n<meta name=\"author\" content=\"pascalbarbier\" \/>\n<meta name=\"twitter:card\" content=\"summary_large_image\" \/>\n<meta name=\"twitter:creator\" content=\"@AutateToulouse\" \/>\n<meta name=\"twitter:site\" content=\"@AutateToulouse\" \/>\n<meta name=\"twitter:label1\" content=\"\u00c9crit par\" \/>\n\t<meta name=\"twitter:data1\" content=\"pascalbarbier\" \/>\n\t<meta name=\"twitter:label2\" content=\"Dur\u00e9e de lecture estim\u00e9e\" \/>\n\t<meta name=\"twitter:data2\" content=\"2 minutes\" \/>\n<script type=\"application\/ld+json\" class=\"yoast-schema-graph\">{\"@context\":\"https:\\\/\\\/schema.org\",\"@graph\":[{\"@type\":\"Article\",\"@id\":\"https:\\\/\\\/autate.fr\\\/site\\\/la-depeche-ils-veulent-garder-loccitan-et-le-cerbere-les-trains-de-nuit-toulouse-paris\\\/#article\",\"isPartOf\":{\"@id\":\"https:\\\/\\\/autate.fr\\\/site\\\/la-depeche-ils-veulent-garder-loccitan-et-le-cerbere-les-trains-de-nuit-toulouse-paris\\\/\"},\"author\":{\"name\":\"pascalbarbier\",\"@id\":\"https:\\\/\\\/autate.fr\\\/site\\\/#\\\/schema\\\/person\\\/ae1ab8bdaa7b41d2a9b52d2557ce8254\"},\"headline\":\"[La D\u00e9p\u00eache] Ils veulent garder l&rsquo;Occitan et le Cerb\u00e8re, les trains de nuit Toulouse-Paris\",\"datePublished\":\"2016-11-28T14:44:21+00:00\",\"mainEntityOfPage\":{\"@id\":\"https:\\\/\\\/autate.fr\\\/site\\\/la-depeche-ils-veulent-garder-loccitan-et-le-cerbere-les-trains-de-nuit-toulouse-paris\\\/\"},\"wordCount\":359,\"commentCount\":0,\"publisher\":{\"@id\":\"https:\\\/\\\/autate.fr\\\/site\\\/#organization\"},\"image\":{\"@id\":\"https:\\\/\\\/autate.fr\\\/site\\\/la-depeche-ils-veulent-garder-loccitan-et-le-cerbere-les-trains-de-nuit-toulouse-paris\\\/#primaryimage\"},\"thumbnailUrl\":\"https:\\\/\\\/autate.fr\\\/site\\\/wp-content\\\/uploads\\\/2016\\\/11\\\/traindnuitmatabiau.jpg\",\"keywords\":[\"Intercit\u00e9s\",\"SNCF\",\"TET\",\"train de nuit\",\"v\u00e9lo\"],\"articleSection\":[\"Revue de presse\"],\"inLanguage\":\"fr-FR\",\"potentialAction\":[{\"@type\":\"CommentAction\",\"name\":\"Comment\",\"target\":[\"https:\\\/\\\/autate.fr\\\/site\\\/la-depeche-ils-veulent-garder-loccitan-et-le-cerbere-les-trains-de-nuit-toulouse-paris\\\/#respond\"]}]},{\"@type\":\"WebPage\",\"@id\":\"https:\\\/\\\/autate.fr\\\/site\\\/la-depeche-ils-veulent-garder-loccitan-et-le-cerbere-les-trains-de-nuit-toulouse-paris\\\/\",\"url\":\"https:\\\/\\\/autate.fr\\\/site\\\/la-depeche-ils-veulent-garder-loccitan-et-le-cerbere-les-trains-de-nuit-toulouse-paris\\\/\",\"name\":\"[La D\u00e9p\u00eache] Ils veulent garder l'Occitan et le Cerb\u00e8re, les trains de nuit Toulouse-Paris - AUTATE\",\"isPartOf\":{\"@id\":\"https:\\\/\\\/autate.fr\\\/site\\\/#website\"},\"primaryImageOfPage\":{\"@id\":\"https:\\\/\\\/autate.fr\\\/site\\\/la-depeche-ils-veulent-garder-loccitan-et-le-cerbere-les-trains-de-nuit-toulouse-paris\\\/#primaryimage\"},\"image\":{\"@id\":\"https:\\\/\\\/autate.fr\\\/site\\\/la-depeche-ils-veulent-garder-loccitan-et-le-cerbere-les-trains-de-nuit-toulouse-paris\\\/#primaryimage\"},\"thumbnailUrl\":\"https:\\\/\\\/autate.fr\\\/site\\\/wp-content\\\/uploads\\\/2016\\\/11\\\/traindnuitmatabiau.jpg\",\"datePublished\":\"2016-11-28T14:44:21+00:00\",\"breadcrumb\":{\"@id\":\"https:\\\/\\\/autate.fr\\\/site\\\/la-depeche-ils-veulent-garder-loccitan-et-le-cerbere-les-trains-de-nuit-toulouse-paris\\\/#breadcrumb\"},\"inLanguage\":\"fr-FR\",\"potentialAction\":[{\"@type\":\"ReadAction\",\"target\":[\"https:\\\/\\\/autate.fr\\\/site\\\/la-depeche-ils-veulent-garder-loccitan-et-le-cerbere-les-trains-de-nuit-toulouse-paris\\\/\"]}]},{\"@type\":\"ImageObject\",\"inLanguage\":\"fr-FR\",\"@id\":\"https:\\\/\\\/autate.fr\\\/site\\\/la-depeche-ils-veulent-garder-loccitan-et-le-cerbere-les-trains-de-nuit-toulouse-paris\\\/#primaryimage\",\"url\":\"https:\\\/\\\/autate.fr\\\/site\\\/wp-content\\\/uploads\\\/2016\\\/11\\\/traindnuitmatabiau.jpg\",\"contentUrl\":\"https:\\\/\\\/autate.fr\\\/site\\\/wp-content\\\/uploads\\\/2016\\\/11\\\/traindnuitmatabiau.jpg\",\"width\":650,\"height\":350},{\"@type\":\"BreadcrumbList\",\"@id\":\"https:\\\/\\\/autate.fr\\\/site\\\/la-depeche-ils-veulent-garder-loccitan-et-le-cerbere-les-trains-de-nuit-toulouse-paris\\\/#breadcrumb\",\"itemListElement\":[{\"@type\":\"ListItem\",\"position\":1,\"name\":\"Accueil\",\"item\":\"https:\\\/\\\/autate.fr\\\/site\\\/\"},{\"@type\":\"ListItem\",\"position\":2,\"name\":\"[La D\u00e9p\u00eache] Ils veulent garder l&rsquo;Occitan et le Cerb\u00e8re, les trains de nuit Toulouse-Paris\"}]},{\"@type\":\"WebSite\",\"@id\":\"https:\\\/\\\/autate.fr\\\/site\\\/#website\",\"url\":\"https:\\\/\\\/autate.fr\\\/site\\\/\",\"name\":\"AUTATE\",\"description\":\"Association des usagers des transports de l&#039;agglom\u00e9ration Toulousaine et de ses environs\",\"publisher\":{\"@id\":\"https:\\\/\\\/autate.fr\\\/site\\\/#organization\"},\"potentialAction\":[{\"@type\":\"SearchAction\",\"target\":{\"@type\":\"EntryPoint\",\"urlTemplate\":\"https:\\\/\\\/autate.fr\\\/site\\\/?s={search_term_string}\"},\"query-input\":{\"@type\":\"PropertyValueSpecification\",\"valueRequired\":true,\"valueName\":\"search_term_string\"}}],\"inLanguage\":\"fr-FR\"},{\"@type\":\"Organization\",\"@id\":\"https:\\\/\\\/autate.fr\\\/site\\\/#organization\",\"name\":\"AUTATE\",\"url\":\"https:\\\/\\\/autate.fr\\\/site\\\/\",\"logo\":{\"@type\":\"ImageObject\",\"inLanguage\":\"fr-FR\",\"@id\":\"https:\\\/\\\/autate.fr\\\/site\\\/#\\\/schema\\\/logo\\\/image\\\/\",\"url\":\"http:\\\/\\\/autate.fr\\\/site\\\/wp-content\\\/uploads\\\/2019\\\/01\\\/logo.png\",\"contentUrl\":\"http:\\\/\\\/autate.fr\\\/site\\\/wp-content\\\/uploads\\\/2019\\\/01\\\/logo.png\",\"width\":506,\"height\":280,\"caption\":\"AUTATE\"},\"image\":{\"@id\":\"https:\\\/\\\/autate.fr\\\/site\\\/#\\\/schema\\\/logo\\\/image\\\/\"},\"sameAs\":[\"https:\\\/\\\/www.facebook.com\\\/AutateToulouse\",\"https:\\\/\\\/x.com\\\/AutateToulouse\"]},{\"@type\":\"Person\",\"@id\":\"https:\\\/\\\/autate.fr\\\/site\\\/#\\\/schema\\\/person\\\/ae1ab8bdaa7b41d2a9b52d2557ce8254\",\"name\":\"pascalbarbier\",\"image\":{\"@type\":\"ImageObject\",\"inLanguage\":\"fr-FR\",\"@id\":\"https:\\\/\\\/secure.gravatar.com\\\/avatar\\\/03f4e8ced09894b72c67e83142540730d4b3bbf619bf46341b0074e3bf5f08a0?s=96&d=mm&r=g\",\"url\":\"https:\\\/\\\/secure.gravatar.com\\\/avatar\\\/03f4e8ced09894b72c67e83142540730d4b3bbf619bf46341b0074e3bf5f08a0?s=96&d=mm&r=g\",\"contentUrl\":\"https:\\\/\\\/secure.gravatar.com\\\/avatar\\\/03f4e8ced09894b72c67e83142540730d4b3bbf619bf46341b0074e3bf5f08a0?s=96&d=mm&r=g\",\"caption\":\"pascalbarbier\"},\"url\":\"https:\\\/\\\/autate.fr\\\/site\\\/author\\\/pascalbarbier\\\/\"}]}<\/script>\n<!-- \/ Yoast SEO plugin. -->","yoast_head_json":{"title":"[La D\u00e9p\u00eache] Ils veulent garder l'Occitan et le Cerb\u00e8re, les trains de nuit Toulouse-Paris - AUTATE","robots":{"index":"index","follow":"follow","max-snippet":"max-snippet:-1","max-image-preview":"max-image-preview:large","max-video-preview":"max-video-preview:-1"},"canonical":"https:\/\/autate.fr\/site\/la-depeche-ils-veulent-garder-loccitan-et-le-cerbere-les-trains-de-nuit-toulouse-paris\/","og_locale":"fr_FR","og_type":"article","og_title":"[La D\u00e9p\u00eache] Ils veulent garder l'Occitan et le Cerb\u00e8re, les trains de nuit Toulouse-Paris - AUTATE","og_description":"un article de Philippe Emery publi\u00e9 dans la D\u00e9p\u00eache le 25\/11\/2016 Un rassemblement a eu lieu hier soir devant la gare Matabiau, \u00e0 l&rsquo;appel de l&rsquo;association 2 pieds, 2 roues et de l&rsquo;Autate (association des usagers des transports de l&rsquo;agglom\u00e9ration toulousaine) pour sauver les trains de nuit l&rsquo;Occitan Toulouse-Paris et le Cerb\u00e8re Port-Bou\/Toulouse\/Paris, qui doiventVOIR PLUS","og_url":"https:\/\/autate.fr\/site\/la-depeche-ils-veulent-garder-loccitan-et-le-cerbere-les-trains-de-nuit-toulouse-paris\/","og_site_name":"AUTATE","article_publisher":"https:\/\/www.facebook.com\/AutateToulouse","article_published_time":"2016-11-28T14:44:21+00:00","og_image":[{"width":650,"height":350,"url":"https:\/\/autate.fr\/site\/wp-content\/uploads\/2016\/11\/traindnuitmatabiau.jpg","type":"image\/jpeg"}],"author":"pascalbarbier","twitter_card":"summary_large_image","twitter_creator":"@AutateToulouse","twitter_site":"@AutateToulouse","twitter_misc":{"\u00c9crit par":"pascalbarbier","Dur\u00e9e de lecture estim\u00e9e":"2 minutes"},"schema":{"@context":"https:\/\/schema.org","@graph":[{"@type":"Article","@id":"https:\/\/autate.fr\/site\/la-depeche-ils-veulent-garder-loccitan-et-le-cerbere-les-trains-de-nuit-toulouse-paris\/#article","isPartOf":{"@id":"https:\/\/autate.fr\/site\/la-depeche-ils-veulent-garder-loccitan-et-le-cerbere-les-trains-de-nuit-toulouse-paris\/"},"author":{"name":"pascalbarbier","@id":"https:\/\/autate.fr\/site\/#\/schema\/person\/ae1ab8bdaa7b41d2a9b52d2557ce8254"},"headline":"[La D\u00e9p\u00eache] Ils veulent garder l&rsquo;Occitan et le Cerb\u00e8re, les trains de nuit Toulouse-Paris","datePublished":"2016-11-28T14:44:21+00:00","mainEntityOfPage":{"@id":"https:\/\/autate.fr\/site\/la-depeche-ils-veulent-garder-loccitan-et-le-cerbere-les-trains-de-nuit-toulouse-paris\/"},"wordCount":359,"commentCount":0,"publisher":{"@id":"https:\/\/autate.fr\/site\/#organization"},"image":{"@id":"https:\/\/autate.fr\/site\/la-depeche-ils-veulent-garder-loccitan-et-le-cerbere-les-trains-de-nuit-toulouse-paris\/#primaryimage"},"thumbnailUrl":"https:\/\/autate.fr\/site\/wp-content\/uploads\/2016\/11\/traindnuitmatabiau.jpg","keywords":["Intercit\u00e9s","SNCF","TET","train de nuit","v\u00e9lo"],"articleSection":["Revue de presse"],"inLanguage":"fr-FR","potentialAction":[{"@type":"CommentAction","name":"Comment","target":["https:\/\/autate.fr\/site\/la-depeche-ils-veulent-garder-loccitan-et-le-cerbere-les-trains-de-nuit-toulouse-paris\/#respond"]}]},{"@type":"WebPage","@id":"https:\/\/autate.fr\/site\/la-depeche-ils-veulent-garder-loccitan-et-le-cerbere-les-trains-de-nuit-toulouse-paris\/","url":"https:\/\/autate.fr\/site\/la-depeche-ils-veulent-garder-loccitan-et-le-cerbere-les-trains-de-nuit-toulouse-paris\/","name":"[La D\u00e9p\u00eache] Ils veulent garder l'Occitan et le Cerb\u00e8re, les trains de nuit Toulouse-Paris - AUTATE","isPartOf":{"@id":"https:\/\/autate.fr\/site\/#website"},"primaryImageOfPage":{"@id":"https:\/\/autate.fr\/site\/la-depeche-ils-veulent-garder-loccitan-et-le-cerbere-les-trains-de-nuit-toulouse-paris\/#primaryimage"},"image":{"@id":"https:\/\/autate.fr\/site\/la-depeche-ils-veulent-garder-loccitan-et-le-cerbere-les-trains-de-nuit-toulouse-paris\/#primaryimage"},"thumbnailUrl":"https:\/\/autate.fr\/site\/wp-content\/uploads\/2016\/11\/traindnuitmatabiau.jpg","datePublished":"2016-11-28T14:44:21+00:00","breadcrumb":{"@id":"https:\/\/autate.fr\/site\/la-depeche-ils-veulent-garder-loccitan-et-le-cerbere-les-trains-de-nuit-toulouse-paris\/#breadcrumb"},"inLanguage":"fr-FR","potentialAction":[{"@type":"ReadAction","target":["https:\/\/autate.fr\/site\/la-depeche-ils-veulent-garder-loccitan-et-le-cerbere-les-trains-de-nuit-toulouse-paris\/"]}]},{"@type":"ImageObject","inLanguage":"fr-FR","@id":"https:\/\/autate.fr\/site\/la-depeche-ils-veulent-garder-loccitan-et-le-cerbere-les-trains-de-nuit-toulouse-paris\/#primaryimage","url":"https:\/\/autate.fr\/site\/wp-content\/uploads\/2016\/11\/traindnuitmatabiau.jpg","contentUrl":"https:\/\/autate.fr\/site\/wp-content\/uploads\/2016\/11\/traindnuitmatabiau.jpg","width":650,"height":350},{"@type":"BreadcrumbList","@id":"https:\/\/autate.fr\/site\/la-depeche-ils-veulent-garder-loccitan-et-le-cerbere-les-trains-de-nuit-toulouse-paris\/#breadcrumb","itemListElement":[{"@type":"ListItem","position":1,"name":"Accueil","item":"https:\/\/autate.fr\/site\/"},{"@type":"ListItem","position":2,"name":"[La D\u00e9p\u00eache] Ils veulent garder l&rsquo;Occitan et le Cerb\u00e8re, les trains de nuit Toulouse-Paris"}]},{"@type":"WebSite","@id":"https:\/\/autate.fr\/site\/#website","url":"https:\/\/autate.fr\/site\/","name":"AUTATE","description":"Association des usagers des transports de l&#039;agglom\u00e9ration Toulousaine et de ses environs","publisher":{"@id":"https:\/\/autate.fr\/site\/#organization"},"potentialAction":[{"@type":"SearchAction","target":{"@type":"EntryPoint","urlTemplate":"https:\/\/autate.fr\/site\/?s={search_term_string}"},"query-input":{"@type":"PropertyValueSpecification","valueRequired":true,"valueName":"search_term_string"}}],"inLanguage":"fr-FR"},{"@type":"Organization","@id":"https:\/\/autate.fr\/site\/#organization","name":"AUTATE","url":"https:\/\/autate.fr\/site\/","logo":{"@type":"ImageObject","inLanguage":"fr-FR","@id":"https:\/\/autate.fr\/site\/#\/schema\/logo\/image\/","url":"http:\/\/autate.fr\/site\/wp-content\/uploads\/2019\/01\/logo.png","contentUrl":"http:\/\/autate.fr\/site\/wp-content\/uploads\/2019\/01\/logo.png","width":506,"height":280,"caption":"AUTATE"},"image":{"@id":"https:\/\/autate.fr\/site\/#\/schema\/logo\/image\/"},"sameAs":["https:\/\/www.facebook.com\/AutateToulouse","https:\/\/x.com\/AutateToulouse"]},{"@type":"Person","@id":"https:\/\/autate.fr\/site\/#\/schema\/person\/ae1ab8bdaa7b41d2a9b52d2557ce8254","name":"pascalbarbier","image":{"@type":"ImageObject","inLanguage":"fr-FR","@id":"https:\/\/secure.gravatar.com\/avatar\/03f4e8ced09894b72c67e83142540730d4b3bbf619bf46341b0074e3bf5f08a0?s=96&d=mm&r=g","url":"https:\/\/secure.gravatar.com\/avatar\/03f4e8ced09894b72c67e83142540730d4b3bbf619bf46341b0074e3bf5f08a0?s=96&d=mm&r=g","contentUrl":"https:\/\/secure.gravatar.com\/avatar\/03f4e8ced09894b72c67e83142540730d4b3bbf619bf46341b0074e3bf5f08a0?s=96&d=mm&r=g","caption":"pascalbarbier"},"url":"https:\/\/autate.fr\/site\/author\/pascalbarbier\/"}]}},"_links":{"self":[{"href":"https:\/\/autate.fr\/site\/wp-json\/wp\/v2\/posts\/1078","targetHints":{"allow":["GET"]}}],"collection":[{"href":"https:\/\/autate.fr\/site\/wp-json\/wp\/v2\/posts"}],"about":[{"href":"https:\/\/autate.fr\/site\/wp-json\/wp\/v2\/types\/post"}],"author":[{"embeddable":true,"href":"https:\/\/autate.fr\/site\/wp-json\/wp\/v2\/users\/1"}],"replies":[{"embeddable":true,"href":"https:\/\/autate.fr\/site\/wp-json\/wp\/v2\/comments?post=1078"}],"version-history":[{"count":1,"href":"https:\/\/autate.fr\/site\/wp-json\/wp\/v2\/posts\/1078\/revisions"}],"predecessor-version":[{"id":1080,"href":"https:\/\/autate.fr\/site\/wp-json\/wp\/v2\/posts\/1078\/revisions\/1080"}],"wp:featuredmedia":[{"embeddable":true,"href":"https:\/\/autate.fr\/site\/wp-json\/wp\/v2\/media\/1079"}],"wp:attachment":[{"href":"https:\/\/autate.fr\/site\/wp-json\/wp\/v2\/media?parent=1078"}],"wp:term":[{"taxonomy":"category","embeddable":true,"href":"https:\/\/autate.fr\/site\/wp-json\/wp\/v2\/categories?post=1078"},{"taxonomy":"post_tag","embeddable":true,"href":"https:\/\/autate.fr\/site\/wp-json\/wp\/v2\/tags?post=1078"}],"curies":[{"name":"wp","href":"https:\/\/api.w.org\/{rel}","templated":true}]}}