{"id":1063,"date":"2016-11-26T12:55:22","date_gmt":"2016-11-26T11:55:22","guid":{"rendered":"http:\/\/autate.fr\/site\/?p=1063"},"modified":"2016-11-28T13:22:35","modified_gmt":"2016-11-28T12:22:35","slug":"stop-au-harcelement-sexiste-et-aux-violences-sexuelles-dans-les-transports-collectifs","status":"publish","type":"post","link":"https:\/\/autate.fr\/site\/stop-au-harcelement-sexiste-et-aux-violences-sexuelles-dans-les-transports-collectifs\/","title":{"rendered":"Stop au harc\u00e8lement sexiste et aux violences sexuelles dans les transports collectifs"},"content":{"rendered":"<p>En pr\u00e9sence de Christiane DUPART, responsable nationale de la<strong> FNAUT<\/strong> (F\u00e9d\u00e9ration Nationale des Associations d\u2019Usagers des Transports) et de Marie-Pierre BES, pr\u00e9sidente de l\u2019<strong>AUTATE<\/strong> (association des usagers des transports de l\u2019agglom\u00e9ration toulousaine), la <strong>Ligue des Droits de l\u2019Homme<\/strong> a lanc\u00e9 ce samedi 26 novembre 2016 sa campagne contre le harc\u00e8lement et les violences sexistes dans les transports collectifs.<\/p>\n<p>Deux \u00e9tudes r\u00e9centes r\u00e9alis\u00e9es par le Haut Conseil \u00e0 l\u2019Egalit\u00e9 femmes-hommes (HCE fh) en 2015 et par la FNAUT en 2016 montrent l\u2019ampleur du harc\u00e8lement et des violences sexistes dans les transports collectifs et leurs cons\u00e9quences sur la vie des femmes.<\/p>\n<p><a href=\"https:\/\/autate.fr\/site\/wp-content\/uploads\/2016\/11\/Communiqu\u00e9-de-presse-LDH-harc\u00e8lement-sexiste-dans-les-transports.pdf\">Lire le communiqu\u00e9 de presse LDH harc\u00e8lement sexiste dans les transports<\/a><\/p>\n","protected":false},"excerpt":{"rendered":"<p>En pr\u00e9sence de Christiane DUPART, responsable nationale de la FNAUT (F\u00e9d\u00e9ration Nationale des Associations d\u2019Usagers des Transports) et de Marie-Pierre BES, pr\u00e9sidente de l\u2019AUTATE (association des usagers des transports de l\u2019agglom\u00e9ration toulousaine), la Ligue des Droits de l\u2019Homme a lanc\u00e9 ce samedi 26 novembre 2016 sa campagne contre le harc\u00e8lement et les violences sexistes dans<\/p>\n<p class=\"more-link\"><a href=\"https:\/\/autate.fr\/site\/stop-au-harcelement-sexiste-et-aux-violences-sexuelles-dans-les-transports-collectifs\/\" class=\"themebutton2\">VOIR PLUS<\/a><\/p>\n","protected":false},"author":1,"featured_media":1064,"comment_status":"open","ping_status":"open","sticky":false,"template":"","format":"standard","meta":{"footnotes":""},"categories":[4],"tags":[],"class_list":["post-1063","post","type-post","status-publish","format-standard","has-post-thumbnail","hentry","category-actualite-association"],"yoast_head":"<!-- This site is optimized with the Yoast SEO plugin v27.4 - https:\/\/yoast.com\/product\/yoast-seo-wordpress\/ -->\n<title>Stop au harc\u00e8lement sexiste et aux violences sexuelles dans les transports collectifs - AUTATE<\/title>\n<meta name=\"robots\" content=\"index, follow, max-snippet:-1, max-image-preview:large, max-video-preview:-1\" \/>\n<link rel=\"canonical\" href=\"https:\/\/autate.fr\/site\/stop-au-harcelement-sexiste-et-aux-violences-sexuelles-dans-les-transports-collectifs\/\" \/>\n<meta property=\"og:locale\" content=\"fr_FR\" \/>\n<meta property=\"og:type\" content=\"article\" \/>\n<meta property=\"og:title\" content=\"Stop au harc\u00e8lement sexiste et aux violences sexuelles dans les transports collectifs - AUTATE\" \/>\n<meta property=\"og:description\" content=\"En pr\u00e9sence de Christiane DUPART, responsable nationale de la FNAUT (F\u00e9d\u00e9ration Nationale des Associations d\u2019Usagers des Transports) et de Marie-Pierre BES, pr\u00e9sidente de l\u2019AUTATE (association des usagers des transports de l\u2019agglom\u00e9ration toulousaine), la Ligue des Droits de l\u2019Homme a lanc\u00e9 ce samedi 26 novembre 2016 sa campagne contre le harc\u00e8lement et les violences sexistes dansVOIR PLUS\" \/>\n<meta property=\"og:url\" content=\"https:\/\/autate.fr\/site\/stop-au-harcelement-sexiste-et-aux-violences-sexuelles-dans-les-transports-collectifs\/\" \/>\n<meta property=\"og:site_name\" content=\"AUTATE\" \/>\n<meta property=\"article:publisher\" content=\"https:\/\/www.facebook.com\/AutateToulouse\" \/>\n<meta property=\"article:published_time\" content=\"2016-11-26T11:55:22+00:00\" \/>\n<meta property=\"article:modified_time\" content=\"2016-11-28T12:22:35+00:00\" \/>\n<meta property=\"og:image\" content=\"https:\/\/autate.fr\/site\/wp-content\/uploads\/2016\/11\/image1.png\" \/>\n\t<meta property=\"og:image:width\" content=\"231\" \/>\n\t<meta property=\"og:image:height\" content=\"165\" \/>\n\t<meta property=\"og:image:type\" content=\"image\/png\" \/>\n<meta name=\"author\" content=\"pascalbarbier\" \/>\n<meta name=\"twitter:card\" content=\"summary_large_image\" \/>\n<meta name=\"twitter:creator\" content=\"@AutateToulouse\" \/>\n<meta name=\"twitter:site\" content=\"@AutateToulouse\" \/>\n<meta name=\"twitter:label1\" content=\"\u00c9crit par\" \/>\n\t<meta name=\"twitter:data1\" content=\"pascalbarbier\" \/>\n\t<meta name=\"twitter:label2\" content=\"Dur\u00e9e de lecture estim\u00e9e\" \/>\n\t<meta name=\"twitter:data2\" content=\"1 minute\" \/>\n<script type=\"application\/ld+json\" class=\"yoast-schema-graph\">{\"@context\":\"https:\\\/\\\/schema.org\",\"@graph\":[{\"@type\":\"Article\",\"@id\":\"https:\\\/\\\/autate.fr\\\/site\\\/stop-au-harcelement-sexiste-et-aux-violences-sexuelles-dans-les-transports-collectifs\\\/#article\",\"isPartOf\":{\"@id\":\"https:\\\/\\\/autate.fr\\\/site\\\/stop-au-harcelement-sexiste-et-aux-violences-sexuelles-dans-les-transports-collectifs\\\/\"},\"author\":{\"name\":\"pascalbarbier\",\"@id\":\"https:\\\/\\\/autate.fr\\\/site\\\/#\\\/schema\\\/person\\\/ae1ab8bdaa7b41d2a9b52d2557ce8254\"},\"headline\":\"Stop au harc\u00e8lement sexiste et aux violences sexuelles dans les transports collectifs\",\"datePublished\":\"2016-11-26T11:55:22+00:00\",\"dateModified\":\"2016-11-28T12:22:35+00:00\",\"mainEntityOfPage\":{\"@id\":\"https:\\\/\\\/autate.fr\\\/site\\\/stop-au-harcelement-sexiste-et-aux-violences-sexuelles-dans-les-transports-collectifs\\\/\"},\"wordCount\":136,\"commentCount\":0,\"publisher\":{\"@id\":\"https:\\\/\\\/autate.fr\\\/site\\\/#organization\"},\"image\":{\"@id\":\"https:\\\/\\\/autate.fr\\\/site\\\/stop-au-harcelement-sexiste-et-aux-violences-sexuelles-dans-les-transports-collectifs\\\/#primaryimage\"},\"thumbnailUrl\":\"https:\\\/\\\/autate.fr\\\/site\\\/wp-content\\\/uploads\\\/2016\\\/11\\\/image1.png\",\"articleSection\":[\"Actualit\u00e9s-AUTATE\"],\"inLanguage\":\"fr-FR\",\"potentialAction\":[{\"@type\":\"CommentAction\",\"name\":\"Comment\",\"target\":[\"https:\\\/\\\/autate.fr\\\/site\\\/stop-au-harcelement-sexiste-et-aux-violences-sexuelles-dans-les-transports-collectifs\\\/#respond\"]}]},{\"@type\":\"WebPage\",\"@id\":\"https:\\\/\\\/autate.fr\\\/site\\\/stop-au-harcelement-sexiste-et-aux-violences-sexuelles-dans-les-transports-collectifs\\\/\",\"url\":\"https:\\\/\\\/autate.fr\\\/site\\\/stop-au-harcelement-sexiste-et-aux-violences-sexuelles-dans-les-transports-collectifs\\\/\",\"name\":\"Stop au harc\u00e8lement sexiste et aux violences sexuelles dans les transports collectifs - AUTATE\",\"isPartOf\":{\"@id\":\"https:\\\/\\\/autate.fr\\\/site\\\/#website\"},\"primaryImageOfPage\":{\"@id\":\"https:\\\/\\\/autate.fr\\\/site\\\/stop-au-harcelement-sexiste-et-aux-violences-sexuelles-dans-les-transports-collectifs\\\/#primaryimage\"},\"image\":{\"@id\":\"https:\\\/\\\/autate.fr\\\/site\\\/stop-au-harcelement-sexiste-et-aux-violences-sexuelles-dans-les-transports-collectifs\\\/#primaryimage\"},\"thumbnailUrl\":\"https:\\\/\\\/autate.fr\\\/site\\\/wp-content\\\/uploads\\\/2016\\\/11\\\/image1.png\",\"datePublished\":\"2016-11-26T11:55:22+00:00\",\"dateModified\":\"2016-11-28T12:22:35+00:00\",\"breadcrumb\":{\"@id\":\"https:\\\/\\\/autate.fr\\\/site\\\/stop-au-harcelement-sexiste-et-aux-violences-sexuelles-dans-les-transports-collectifs\\\/#breadcrumb\"},\"inLanguage\":\"fr-FR\",\"potentialAction\":[{\"@type\":\"ReadAction\",\"target\":[\"https:\\\/\\\/autate.fr\\\/site\\\/stop-au-harcelement-sexiste-et-aux-violences-sexuelles-dans-les-transports-collectifs\\\/\"]}]},{\"@type\":\"ImageObject\",\"inLanguage\":\"fr-FR\",\"@id\":\"https:\\\/\\\/autate.fr\\\/site\\\/stop-au-harcelement-sexiste-et-aux-violences-sexuelles-dans-les-transports-collectifs\\\/#primaryimage\",\"url\":\"https:\\\/\\\/autate.fr\\\/site\\\/wp-content\\\/uploads\\\/2016\\\/11\\\/image1.png\",\"contentUrl\":\"https:\\\/\\\/autate.fr\\\/site\\\/wp-content\\\/uploads\\\/2016\\\/11\\\/image1.png\",\"width\":231,\"height\":165},{\"@type\":\"BreadcrumbList\",\"@id\":\"https:\\\/\\\/autate.fr\\\/site\\\/stop-au-harcelement-sexiste-et-aux-violences-sexuelles-dans-les-transports-collectifs\\\/#breadcrumb\",\"itemListElement\":[{\"@type\":\"ListItem\",\"position\":1,\"name\":\"Accueil\",\"item\":\"https:\\\/\\\/autate.fr\\\/site\\\/\"},{\"@type\":\"ListItem\",\"position\":2,\"name\":\"Stop au harc\u00e8lement sexiste et aux violences sexuelles dans les transports collectifs\"}]},{\"@type\":\"WebSite\",\"@id\":\"https:\\\/\\\/autate.fr\\\/site\\\/#website\",\"url\":\"https:\\\/\\\/autate.fr\\\/site\\\/\",\"name\":\"AUTATE\",\"description\":\"Association des usagers des transports de l&#039;agglom\u00e9ration Toulousaine et de ses environs\",\"publisher\":{\"@id\":\"https:\\\/\\\/autate.fr\\\/site\\\/#organization\"},\"potentialAction\":[{\"@type\":\"SearchAction\",\"target\":{\"@type\":\"EntryPoint\",\"urlTemplate\":\"https:\\\/\\\/autate.fr\\\/site\\\/?s={search_term_string}\"},\"query-input\":{\"@type\":\"PropertyValueSpecification\",\"valueRequired\":true,\"valueName\":\"search_term_string\"}}],\"inLanguage\":\"fr-FR\"},{\"@type\":\"Organization\",\"@id\":\"https:\\\/\\\/autate.fr\\\/site\\\/#organization\",\"name\":\"AUTATE\",\"url\":\"https:\\\/\\\/autate.fr\\\/site\\\/\",\"logo\":{\"@type\":\"ImageObject\",\"inLanguage\":\"fr-FR\",\"@id\":\"https:\\\/\\\/autate.fr\\\/site\\\/#\\\/schema\\\/logo\\\/image\\\/\",\"url\":\"http:\\\/\\\/autate.fr\\\/site\\\/wp-content\\\/uploads\\\/2019\\\/01\\\/logo.png\",\"contentUrl\":\"http:\\\/\\\/autate.fr\\\/site\\\/wp-content\\\/uploads\\\/2019\\\/01\\\/logo.png\",\"width\":506,\"height\":280,\"caption\":\"AUTATE\"},\"image\":{\"@id\":\"https:\\\/\\\/autate.fr\\\/site\\\/#\\\/schema\\\/logo\\\/image\\\/\"},\"sameAs\":[\"https:\\\/\\\/www.facebook.com\\\/AutateToulouse\",\"https:\\\/\\\/x.com\\\/AutateToulouse\"]},{\"@type\":\"Person\",\"@id\":\"https:\\\/\\\/autate.fr\\\/site\\\/#\\\/schema\\\/person\\\/ae1ab8bdaa7b41d2a9b52d2557ce8254\",\"name\":\"pascalbarbier\",\"image\":{\"@type\":\"ImageObject\",\"inLanguage\":\"fr-FR\",\"@id\":\"https:\\\/\\\/secure.gravatar.com\\\/avatar\\\/03f4e8ced09894b72c67e83142540730d4b3bbf619bf46341b0074e3bf5f08a0?s=96&d=mm&r=g\",\"url\":\"https:\\\/\\\/secure.gravatar.com\\\/avatar\\\/03f4e8ced09894b72c67e83142540730d4b3bbf619bf46341b0074e3bf5f08a0?s=96&d=mm&r=g\",\"contentUrl\":\"https:\\\/\\\/secure.gravatar.com\\\/avatar\\\/03f4e8ced09894b72c67e83142540730d4b3bbf619bf46341b0074e3bf5f08a0?s=96&d=mm&r=g\",\"caption\":\"pascalbarbier\"},\"url\":\"https:\\\/\\\/autate.fr\\\/site\\\/author\\\/pascalbarbier\\\/\"}]}<\/script>\n<!-- \/ Yoast SEO plugin. -->","yoast_head_json":{"title":"Stop au harc\u00e8lement sexiste et aux violences sexuelles dans les transports collectifs - AUTATE","robots":{"index":"index","follow":"follow","max-snippet":"max-snippet:-1","max-image-preview":"max-image-preview:large","max-video-preview":"max-video-preview:-1"},"canonical":"https:\/\/autate.fr\/site\/stop-au-harcelement-sexiste-et-aux-violences-sexuelles-dans-les-transports-collectifs\/","og_locale":"fr_FR","og_type":"article","og_title":"Stop au harc\u00e8lement sexiste et aux violences sexuelles dans les transports collectifs - AUTATE","og_description":"En pr\u00e9sence de Christiane DUPART, responsable nationale de la FNAUT (F\u00e9d\u00e9ration Nationale des Associations d\u2019Usagers des Transports) et de Marie-Pierre BES, pr\u00e9sidente de l\u2019AUTATE (association des usagers des transports de l\u2019agglom\u00e9ration toulousaine), la Ligue des Droits de l\u2019Homme a lanc\u00e9 ce samedi 26 novembre 2016 sa campagne contre le harc\u00e8lement et les violences sexistes dansVOIR PLUS","og_url":"https:\/\/autate.fr\/site\/stop-au-harcelement-sexiste-et-aux-violences-sexuelles-dans-les-transports-collectifs\/","og_site_name":"AUTATE","article_publisher":"https:\/\/www.facebook.com\/AutateToulouse","article_published_time":"2016-11-26T11:55:22+00:00","article_modified_time":"2016-11-28T12:22:35+00:00","og_image":[{"width":231,"height":165,"url":"https:\/\/autate.fr\/site\/wp-content\/uploads\/2016\/11\/image1.png","type":"image\/png"}],"author":"pascalbarbier","twitter_card":"summary_large_image","twitter_creator":"@AutateToulouse","twitter_site":"@AutateToulouse","twitter_misc":{"\u00c9crit par":"pascalbarbier","Dur\u00e9e de lecture estim\u00e9e":"1 minute"},"schema":{"@context":"https:\/\/schema.org","@graph":[{"@type":"Article","@id":"https:\/\/autate.fr\/site\/stop-au-harcelement-sexiste-et-aux-violences-sexuelles-dans-les-transports-collectifs\/#article","isPartOf":{"@id":"https:\/\/autate.fr\/site\/stop-au-harcelement-sexiste-et-aux-violences-sexuelles-dans-les-transports-collectifs\/"},"author":{"name":"pascalbarbier","@id":"https:\/\/autate.fr\/site\/#\/schema\/person\/ae1ab8bdaa7b41d2a9b52d2557ce8254"},"headline":"Stop au harc\u00e8lement sexiste et aux violences sexuelles dans les transports collectifs","datePublished":"2016-11-26T11:55:22+00:00","dateModified":"2016-11-28T12:22:35+00:00","mainEntityOfPage":{"@id":"https:\/\/autate.fr\/site\/stop-au-harcelement-sexiste-et-aux-violences-sexuelles-dans-les-transports-collectifs\/"},"wordCount":136,"commentCount":0,"publisher":{"@id":"https:\/\/autate.fr\/site\/#organization"},"image":{"@id":"https:\/\/autate.fr\/site\/stop-au-harcelement-sexiste-et-aux-violences-sexuelles-dans-les-transports-collectifs\/#primaryimage"},"thumbnailUrl":"https:\/\/autate.fr\/site\/wp-content\/uploads\/2016\/11\/image1.png","articleSection":["Actualit\u00e9s-AUTATE"],"inLanguage":"fr-FR","potentialAction":[{"@type":"CommentAction","name":"Comment","target":["https:\/\/autate.fr\/site\/stop-au-harcelement-sexiste-et-aux-violences-sexuelles-dans-les-transports-collectifs\/#respond"]}]},{"@type":"WebPage","@id":"https:\/\/autate.fr\/site\/stop-au-harcelement-sexiste-et-aux-violences-sexuelles-dans-les-transports-collectifs\/","url":"https:\/\/autate.fr\/site\/stop-au-harcelement-sexiste-et-aux-violences-sexuelles-dans-les-transports-collectifs\/","name":"Stop au harc\u00e8lement sexiste et aux violences sexuelles dans les transports collectifs - AUTATE","isPartOf":{"@id":"https:\/\/autate.fr\/site\/#website"},"primaryImageOfPage":{"@id":"https:\/\/autate.fr\/site\/stop-au-harcelement-sexiste-et-aux-violences-sexuelles-dans-les-transports-collectifs\/#primaryimage"},"image":{"@id":"https:\/\/autate.fr\/site\/stop-au-harcelement-sexiste-et-aux-violences-sexuelles-dans-les-transports-collectifs\/#primaryimage"},"thumbnailUrl":"https:\/\/autate.fr\/site\/wp-content\/uploads\/2016\/11\/image1.png","datePublished":"2016-11-26T11:55:22+00:00","dateModified":"2016-11-28T12:22:35+00:00","breadcrumb":{"@id":"https:\/\/autate.fr\/site\/stop-au-harcelement-sexiste-et-aux-violences-sexuelles-dans-les-transports-collectifs\/#breadcrumb"},"inLanguage":"fr-FR","potentialAction":[{"@type":"ReadAction","target":["https:\/\/autate.fr\/site\/stop-au-harcelement-sexiste-et-aux-violences-sexuelles-dans-les-transports-collectifs\/"]}]},{"@type":"ImageObject","inLanguage":"fr-FR","@id":"https:\/\/autate.fr\/site\/stop-au-harcelement-sexiste-et-aux-violences-sexuelles-dans-les-transports-collectifs\/#primaryimage","url":"https:\/\/autate.fr\/site\/wp-content\/uploads\/2016\/11\/image1.png","contentUrl":"https:\/\/autate.fr\/site\/wp-content\/uploads\/2016\/11\/image1.png","width":231,"height":165},{"@type":"BreadcrumbList","@id":"https:\/\/autate.fr\/site\/stop-au-harcelement-sexiste-et-aux-violences-sexuelles-dans-les-transports-collectifs\/#breadcrumb","itemListElement":[{"@type":"ListItem","position":1,"name":"Accueil","item":"https:\/\/autate.fr\/site\/"},{"@type":"ListItem","position":2,"name":"Stop au harc\u00e8lement sexiste et aux violences sexuelles dans les transports collectifs"}]},{"@type":"WebSite","@id":"https:\/\/autate.fr\/site\/#website","url":"https:\/\/autate.fr\/site\/","name":"AUTATE","description":"Association des usagers des transports de l&#039;agglom\u00e9ration Toulousaine et de ses environs","publisher":{"@id":"https:\/\/autate.fr\/site\/#organization"},"potentialAction":[{"@type":"SearchAction","target":{"@type":"EntryPoint","urlTemplate":"https:\/\/autate.fr\/site\/?s={search_term_string}"},"query-input":{"@type":"PropertyValueSpecification","valueRequired":true,"valueName":"search_term_string"}}],"inLanguage":"fr-FR"},{"@type":"Organization","@id":"https:\/\/autate.fr\/site\/#organization","name":"AUTATE","url":"https:\/\/autate.fr\/site\/","logo":{"@type":"ImageObject","inLanguage":"fr-FR","@id":"https:\/\/autate.fr\/site\/#\/schema\/logo\/image\/","url":"http:\/\/autate.fr\/site\/wp-content\/uploads\/2019\/01\/logo.png","contentUrl":"http:\/\/autate.fr\/site\/wp-content\/uploads\/2019\/01\/logo.png","width":506,"height":280,"caption":"AUTATE"},"image":{"@id":"https:\/\/autate.fr\/site\/#\/schema\/logo\/image\/"},"sameAs":["https:\/\/www.facebook.com\/AutateToulouse","https:\/\/x.com\/AutateToulouse"]},{"@type":"Person","@id":"https:\/\/autate.fr\/site\/#\/schema\/person\/ae1ab8bdaa7b41d2a9b52d2557ce8254","name":"pascalbarbier","image":{"@type":"ImageObject","inLanguage":"fr-FR","@id":"https:\/\/secure.gravatar.com\/avatar\/03f4e8ced09894b72c67e83142540730d4b3bbf619bf46341b0074e3bf5f08a0?s=96&d=mm&r=g","url":"https:\/\/secure.gravatar.com\/avatar\/03f4e8ced09894b72c67e83142540730d4b3bbf619bf46341b0074e3bf5f08a0?s=96&d=mm&r=g","contentUrl":"https:\/\/secure.gravatar.com\/avatar\/03f4e8ced09894b72c67e83142540730d4b3bbf619bf46341b0074e3bf5f08a0?s=96&d=mm&r=g","caption":"pascalbarbier"},"url":"https:\/\/autate.fr\/site\/author\/pascalbarbier\/"}]}},"_links":{"self":[{"href":"https:\/\/autate.fr\/site\/wp-json\/wp\/v2\/posts\/1063","targetHints":{"allow":["GET"]}}],"collection":[{"href":"https:\/\/autate.fr\/site\/wp-json\/wp\/v2\/posts"}],"about":[{"href":"https:\/\/autate.fr\/site\/wp-json\/wp\/v2\/types\/post"}],"author":[{"embeddable":true,"href":"https:\/\/autate.fr\/site\/wp-json\/wp\/v2\/users\/1"}],"replies":[{"embeddable":true,"href":"https:\/\/autate.fr\/site\/wp-json\/wp\/v2\/comments?post=1063"}],"version-history":[{"count":1,"href":"https:\/\/autate.fr\/site\/wp-json\/wp\/v2\/posts\/1063\/revisions"}],"predecessor-version":[{"id":1066,"href":"https:\/\/autate.fr\/site\/wp-json\/wp\/v2\/posts\/1063\/revisions\/1066"}],"wp:featuredmedia":[{"embeddable":true,"href":"https:\/\/autate.fr\/site\/wp-json\/wp\/v2\/media\/1064"}],"wp:attachment":[{"href":"https:\/\/autate.fr\/site\/wp-json\/wp\/v2\/media?parent=1063"}],"wp:term":[{"taxonomy":"category","embeddable":true,"href":"https:\/\/autate.fr\/site\/wp-json\/wp\/v2\/categories?post=1063"},{"taxonomy":"post_tag","embeddable":true,"href":"https:\/\/autate.fr\/site\/wp-json\/wp\/v2\/tags?post=1063"}],"curies":[{"name":"wp","href":"https:\/\/api.w.org\/{rel}","templated":true}]}}