{"id":103,"date":"2015-12-18T13:54:13","date_gmt":"2015-12-18T12:54:13","guid":{"rendered":"http:\/\/autate.fr\/site\/?p=103"},"modified":"2016-08-10T21:19:50","modified_gmt":"2016-08-10T19:19:50","slug":"lt-troisieme-ligne-de-metro-ni-labege-ni-laeroport-ne-sont-dans-le-trace","status":"publish","type":"post","link":"https:\/\/autate.fr\/site\/lt-troisieme-ligne-de-metro-ni-labege-ni-laeroport-ne-sont-dans-le-trace\/","title":{"rendered":"[La Tribune ObjNews] Troisi\u00e8me ligne de m\u00e9tro : Ni Lab\u00e8ge ni l\u2019a\u00e9roport ne sont dans le trac\u00e9"},"content":{"rendered":"<section class=\"chapo\">Le pr\u00e9sident de Toulouse M\u00e9tropole Jean-Luc Moudenc a pr\u00e9sent\u00e9 ce vendredi 18 d\u00e9cembre en comit\u00e9 syndical de Tiss\u00e9o le trac\u00e9 choisi pour la troisi\u00e8me ligne de m\u00e9tro. 17 stations sont pr\u00e9vues. La desserte de Lab\u00e8ge et de l&rsquo;a\u00e9roport ne sont pas dans l&rsquo;itin\u00e9raire de r\u00e9f\u00e9rence, mais positionn\u00e9es en option. D\u00e9cryptage et r\u00e9actions.<\/section>\n<section class=\"contenu-article clearfix\">\n<div class=\"body-article\">\n<p>C&rsquo;\u00e9tait l&rsquo;une des promesses de campagne de Jean-Luc Moudenc pendant les municipales de 2014. Le pr\u00e9sident de Toulouse M\u00e9tropole et Jean-Michel Lattes, pr\u00e9sident de Tiss\u00e9o ont pr\u00e9sent\u00e9 ce vendredi 18 d\u00e9cembre en comit\u00e9 syndical SMTC-Tiss\u00e9o le trac\u00e9 de la troisi\u00e8me ligne de m\u00e9tro toulousaine. Baptis\u00e9 Toulouse Aerospace Express, ce projet pr\u00e9voit 17 stations sur 21 km. Pour Jean-Luc Moudenc, le moment est important, il le qualifie m\u00eame d'\u00a0\u00bbhistorique\u00a0\u00bb :<\/p>\n<blockquote><p>\u00ab\u00a0Le 18 d\u00e9cembre est une date historique pour la 4e ville de France, Toulouse et sa M\u00e9tropole. Nos deux collectivit\u00e9s entrent de plain pied dans le 21\u00e8me si\u00e8cle en d\u00e9taillant le projet le plus important de ces deux derni\u00e8res d\u00e9cennies pour notre territoire.\u00a0\u00bb<\/p><\/blockquote>\n<p><a href=\"http:\/\/objectifnews.latribune.fr\/en-bref\/2015-12-09\/3e-ligne-de-metro-le-trace-bientot-connu.html\">Le m\u00e9tro doit relier les principaux p\u00f4les \u00e9conomiques de la m\u00e9tropole (et 48 % des emplois)\u00a0<\/a>en contournant par le nord de l&rsquo;agglom\u00e9ration le centre-ville via les sites d&rsquo;Airbus \u00e0 Colomiers et Saint-Martin, la gare Matabiau, Montaudran et Airbus Defence and Space. Une partie a\u00e9rienne est pr\u00e9vue aux extr\u00e9mit\u00e9s de la ligne entre la station Jean Maga et Airbus Colomiers et entre la station L&rsquo;Ormeau et\u00a0Airbus Defence and Space. Le projet est budg\u00e9tis\u00e9 pour un co\u00fbt total de 1,7 milliard d&rsquo;euros avec un d\u00e9but des travaux en 2019 et une mise en service pour 2024.<\/p>\n<h2>La desserte de l&rsquo;a\u00e9roport en option<\/h2>\n<p>Premi\u00e8re surprise : l&rsquo;itin\u00e9raire de r\u00e9f\u00e9rence ne pr\u00e9voit pas de station \u00e0 l&rsquo;a\u00e9roport de Toulouse-Blagnac. Un trajet optionnel reliant le Stade Ernest Wallon et l&rsquo;a\u00e9roport repr\u00e9senterait un co\u00fbt suppl\u00e9mentaire de 112 millions d&rsquo;euros. Outre le co\u00fbt, Toulouse M\u00e9tropole met en avant un autre argument : \u00ab\u00a0En regardant la fr\u00e9quentation de la nouvelle ligne de tramway qui relie le centre-ville \u00e0 l&rsquo;a\u00e9roport, nous nous sommes aper\u00e7us que seul un tiers des passagers de la ligne l&rsquo;utilise pour se rendre \u00e0 l&rsquo;a\u00e9roport\u00a0\u00bb, explique Jean-Luc Moudenc.<\/p>\n<p>Le maire (PRG) de Blagnac Bernard Keller n&rsquo;est pas de cet avis :<\/p>\n<blockquote><p>\u00ab\u00a0Il serait tr\u00e8s dommageable que cette troisi\u00e8me ligne ne relie pas sans rupture de charges la gare et l&rsquo;a\u00e9roport, une zone qui repr\u00e9sente \u00e0 elle seule 75 000 emplois.\u00a0\u00bb<\/p><\/blockquote>\n<h2>Quid de Lab\u00e8ge ?<\/h2>\n<p>L&rsquo;autre point de d\u00e9bat concerne la desserte de Lab\u00e8ge.\u00a0<a href=\"http:\/\/objectifnews.latribune.fr\/politique\/territoires\/2015-09-07\/prolongement-de-la-ligne-b-du-metro-l-enquete-publique-rend-un-avis-favorable.html\">Rappelons que le Sicoval porte le projet de prolongement de la ligne B du m\u00e9tro jusqu&rsquo;\u00e0 Lab\u00e8ge.\u00a0<\/a>En f\u00e9vrier, Jean-Luc Moudenc avait remis en cause le PLB, estimant qu&rsquo;il faudrait choisir entre les deux projets (PLB ou troisi\u00e8me ligne). Dans le trac\u00e9 pr\u00e9sent\u00e9 ce vendredi, deux trajets optionnels sont pr\u00e9sent\u00e9s \u00e0 partir du terminus d&rsquo;Airbus Defence and Space : le premier pr\u00e9voit une station suppl\u00e9mentaire \u00e0 l&rsquo;INP de Toulouse et un terminus au niveau de l&rsquo;Innop\u00f4le de Lab\u00e8ge (surco\u00fbt de 122 millions d&rsquo;euros) ; l&rsquo;autre option pr\u00e9voit une station suppl\u00e9mentaire \u00e0 Malep\u00e8re (surco\u00fbt de 70 millions d&rsquo;euros).<\/p>\n<p>Jean-Luc Moudenc a pr\u00e9cis\u00e9 :<\/p>\n<blockquote><p>\u00ab\u00a0Il n&rsquo;y aura pas de trac\u00e9 en forme de fourche, il faudra donc \u00e9tudier ces deux options. D\u00e8s le mois de janvier, nous allons travailler avec Jacques Oberti (pr\u00e9sident du Sicoval, NDLR) pour lever ces options. De la m\u00eame mani\u00e8re, dans le premier trimestre 2016, nous allons discuter avec Airbus et la SNCF du trajet optionnel au Nord de l&rsquo;agglom\u00e9ration.\u00a0\u00bb<\/p><\/blockquote>\n<p>Le pr\u00e9sident de Toulouse M\u00e9tropole a indiqu\u00e9 que ces options ne sont pas budg\u00e9tis\u00e9es dans le projet global de 1,7 milliard d&rsquo;euros, il faudra donc des financements priv\u00e9s pour les concr\u00e9tiser.<\/p>\n<p>Au sujet du PLB, le discours de Jean-Luc Moudenc semble avoir \u00e9volu\u00e9 puisqu&rsquo;il n&rsquo;oppose plus le PLB et la troisi\u00e8me ligne comme des projets concurrents. Les deux projets seraient-ils compl\u00e9mentaires ? \u00ab\u00a0Tout est ouvert\u00a0\u00bb, a assur\u00e9 l&rsquo;\u00e9lu.<\/p>\n<h2>Des interrogations sur le PLB<\/h2>\n<p>Pas de r\u00e9action pour le pr\u00e9sident du Sicoval, qui a quitt\u00e9 la comit\u00e9 syndical avant la fin de la r\u00e9union. Le vice-pr\u00e9sident du Sicoval en charge des transports Arnaud Lafon a n\u00e9anmoins apostroph\u00e9 Jean-Luc Moudenc :<\/p>\n<blockquote><p>\u00ab\u00a0Vous avez \u00e9t\u00e9 \u00e9lu sur un projet, celui de la troisi\u00e8me ligne. Au Sicoval, nous avons \u00e9galement \u00e9t\u00e9 \u00e9lus sur un projet, le PLB. Nous allons faire en sorte de ne pas bloquer la troisi\u00e8me ligne si Toulouse M\u00e9tropole nous aide pour le prolongement de la ligne B.\u00a0\u00bb<\/p><\/blockquote>\n<p><a href=\"http:\/\/objectifnews.latribune.fr\/politique\/territoires\/2015-12-18\/troisieme-ligne-de-metro-labege-n-est-pas-dans-le-trace-de-reference.html\">lire la suite sur La tribune Objectif News<\/a><\/p>\n<p>photo cr\u00e9dits DR<\/p>\n<\/div>\n<\/section>\n","protected":false},"excerpt":{"rendered":"<p>Le pr\u00e9sident de Toulouse M\u00e9tropole Jean-Luc Moudenc a pr\u00e9sent\u00e9 ce vendredi 18 d\u00e9cembre en comit\u00e9 syndical de Tiss\u00e9o le trac\u00e9 choisi pour la troisi\u00e8me ligne de m\u00e9tro. 17 stations sont pr\u00e9vues. La desserte de Lab\u00e8ge et de l&rsquo;a\u00e9roport ne sont pas dans l&rsquo;itin\u00e9raire de r\u00e9f\u00e9rence, mais positionn\u00e9es en option. D\u00e9cryptage et r\u00e9actions. C&rsquo;\u00e9tait l&rsquo;une des<\/p>\n<p class=\"more-link\"><a href=\"https:\/\/autate.fr\/site\/lt-troisieme-ligne-de-metro-ni-labege-ni-laeroport-ne-sont-dans-le-trace\/\" class=\"themebutton2\">VOIR PLUS<\/a><\/p>\n","protected":false},"author":1,"featured_media":104,"comment_status":"open","ping_status":"open","sticky":false,"template":"","format":"standard","meta":{"footnotes":""},"categories":[7],"tags":[172,33,34,22,12],"class_list":["post-103","post","type-post","status-publish","format-standard","has-post-thumbnail","hentry","category-revue-de-presse","tag-3eme-ligne-metro","tag-aeroport","tag-blagnac","tag-labege","tag-metro"],"yoast_head":"<!-- This site is optimized with the Yoast SEO plugin v27.4 - https:\/\/yoast.com\/product\/yoast-seo-wordpress\/ -->\n<title>[La Tribune ObjNews] Troisi\u00e8me ligne de m\u00e9tro : Ni Lab\u00e8ge ni l\u2019a\u00e9roport ne sont dans le trac\u00e9 - AUTATE<\/title>\n<meta name=\"robots\" content=\"index, follow, max-snippet:-1, max-image-preview:large, max-video-preview:-1\" \/>\n<link rel=\"canonical\" href=\"https:\/\/autate.fr\/site\/lt-troisieme-ligne-de-metro-ni-labege-ni-laeroport-ne-sont-dans-le-trace\/\" \/>\n<meta property=\"og:locale\" content=\"fr_FR\" \/>\n<meta property=\"og:type\" content=\"article\" \/>\n<meta property=\"og:title\" content=\"[La Tribune ObjNews] Troisi\u00e8me ligne de m\u00e9tro : Ni Lab\u00e8ge ni l\u2019a\u00e9roport ne sont dans le trac\u00e9 - AUTATE\" \/>\n<meta property=\"og:description\" content=\"Le pr\u00e9sident de Toulouse M\u00e9tropole Jean-Luc Moudenc a pr\u00e9sent\u00e9 ce vendredi 18 d\u00e9cembre en comit\u00e9 syndical de Tiss\u00e9o le trac\u00e9 choisi pour la troisi\u00e8me ligne de m\u00e9tro. 17 stations sont pr\u00e9vues. La desserte de Lab\u00e8ge et de l&rsquo;a\u00e9roport ne sont pas dans l&rsquo;itin\u00e9raire de r\u00e9f\u00e9rence, mais positionn\u00e9es en option. D\u00e9cryptage et r\u00e9actions. C&rsquo;\u00e9tait l&rsquo;une desVOIR PLUS\" \/>\n<meta property=\"og:url\" content=\"https:\/\/autate.fr\/site\/lt-troisieme-ligne-de-metro-ni-labege-ni-laeroport-ne-sont-dans-le-trace\/\" \/>\n<meta property=\"og:site_name\" content=\"AUTATE\" \/>\n<meta property=\"article:publisher\" content=\"https:\/\/www.facebook.com\/AutateToulouse\" \/>\n<meta property=\"article:published_time\" content=\"2015-12-18T12:54:13+00:00\" \/>\n<meta property=\"article:modified_time\" content=\"2016-08-10T19:19:50+00:00\" \/>\n<meta property=\"og:image\" content=\"https:\/\/autate.fr\/site\/wp-content\/uploads\/2015\/12\/3\u00e8melignem\u00e9tro.jpg\" \/>\n\t<meta property=\"og:image:width\" content=\"599\" \/>\n\t<meta property=\"og:image:height\" content=\"299\" \/>\n\t<meta property=\"og:image:type\" content=\"image\/jpeg\" \/>\n<meta name=\"author\" content=\"pascalbarbier\" \/>\n<meta name=\"twitter:card\" content=\"summary_large_image\" \/>\n<meta name=\"twitter:creator\" content=\"@AutateToulouse\" \/>\n<meta name=\"twitter:site\" content=\"@AutateToulouse\" \/>\n<meta name=\"twitter:label1\" content=\"\u00c9crit par\" \/>\n\t<meta name=\"twitter:data1\" content=\"pascalbarbier\" \/>\n\t<meta name=\"twitter:label2\" content=\"Dur\u00e9e de lecture estim\u00e9e\" \/>\n\t<meta name=\"twitter:data2\" content=\"4 minutes\" \/>\n<script type=\"application\/ld+json\" class=\"yoast-schema-graph\">{\"@context\":\"https:\\\/\\\/schema.org\",\"@graph\":[{\"@type\":\"Article\",\"@id\":\"https:\\\/\\\/autate.fr\\\/site\\\/lt-troisieme-ligne-de-metro-ni-labege-ni-laeroport-ne-sont-dans-le-trace\\\/#article\",\"isPartOf\":{\"@id\":\"https:\\\/\\\/autate.fr\\\/site\\\/lt-troisieme-ligne-de-metro-ni-labege-ni-laeroport-ne-sont-dans-le-trace\\\/\"},\"author\":{\"name\":\"pascalbarbier\",\"@id\":\"https:\\\/\\\/autate.fr\\\/site\\\/#\\\/schema\\\/person\\\/ae1ab8bdaa7b41d2a9b52d2557ce8254\"},\"headline\":\"[La Tribune ObjNews] Troisi\u00e8me ligne de m\u00e9tro : Ni Lab\u00e8ge ni l\u2019a\u00e9roport ne sont dans le trac\u00e9\",\"datePublished\":\"2015-12-18T12:54:13+00:00\",\"dateModified\":\"2016-08-10T19:19:50+00:00\",\"mainEntityOfPage\":{\"@id\":\"https:\\\/\\\/autate.fr\\\/site\\\/lt-troisieme-ligne-de-metro-ni-labege-ni-laeroport-ne-sont-dans-le-trace\\\/\"},\"wordCount\":829,\"commentCount\":0,\"publisher\":{\"@id\":\"https:\\\/\\\/autate.fr\\\/site\\\/#organization\"},\"image\":{\"@id\":\"https:\\\/\\\/autate.fr\\\/site\\\/lt-troisieme-ligne-de-metro-ni-labege-ni-laeroport-ne-sont-dans-le-trace\\\/#primaryimage\"},\"thumbnailUrl\":\"https:\\\/\\\/autate.fr\\\/site\\\/wp-content\\\/uploads\\\/2015\\\/12\\\/3\u00e8melignem\u00e9tro.jpg\",\"keywords\":[\"3\u00e8me ligne m\u00e9tro\",\"a\u00e9roport\",\"Blagnac\",\"Lab\u00e8ge\",\"m\u00e9tro\"],\"articleSection\":[\"Revue de presse\"],\"inLanguage\":\"fr-FR\",\"potentialAction\":[{\"@type\":\"CommentAction\",\"name\":\"Comment\",\"target\":[\"https:\\\/\\\/autate.fr\\\/site\\\/lt-troisieme-ligne-de-metro-ni-labege-ni-laeroport-ne-sont-dans-le-trace\\\/#respond\"]}]},{\"@type\":\"WebPage\",\"@id\":\"https:\\\/\\\/autate.fr\\\/site\\\/lt-troisieme-ligne-de-metro-ni-labege-ni-laeroport-ne-sont-dans-le-trace\\\/\",\"url\":\"https:\\\/\\\/autate.fr\\\/site\\\/lt-troisieme-ligne-de-metro-ni-labege-ni-laeroport-ne-sont-dans-le-trace\\\/\",\"name\":\"[La Tribune ObjNews] Troisi\u00e8me ligne de m\u00e9tro : Ni Lab\u00e8ge ni l\u2019a\u00e9roport ne sont dans le trac\u00e9 - AUTATE\",\"isPartOf\":{\"@id\":\"https:\\\/\\\/autate.fr\\\/site\\\/#website\"},\"primaryImageOfPage\":{\"@id\":\"https:\\\/\\\/autate.fr\\\/site\\\/lt-troisieme-ligne-de-metro-ni-labege-ni-laeroport-ne-sont-dans-le-trace\\\/#primaryimage\"},\"image\":{\"@id\":\"https:\\\/\\\/autate.fr\\\/site\\\/lt-troisieme-ligne-de-metro-ni-labege-ni-laeroport-ne-sont-dans-le-trace\\\/#primaryimage\"},\"thumbnailUrl\":\"https:\\\/\\\/autate.fr\\\/site\\\/wp-content\\\/uploads\\\/2015\\\/12\\\/3\u00e8melignem\u00e9tro.jpg\",\"datePublished\":\"2015-12-18T12:54:13+00:00\",\"dateModified\":\"2016-08-10T19:19:50+00:00\",\"breadcrumb\":{\"@id\":\"https:\\\/\\\/autate.fr\\\/site\\\/lt-troisieme-ligne-de-metro-ni-labege-ni-laeroport-ne-sont-dans-le-trace\\\/#breadcrumb\"},\"inLanguage\":\"fr-FR\",\"potentialAction\":[{\"@type\":\"ReadAction\",\"target\":[\"https:\\\/\\\/autate.fr\\\/site\\\/lt-troisieme-ligne-de-metro-ni-labege-ni-laeroport-ne-sont-dans-le-trace\\\/\"]}]},{\"@type\":\"ImageObject\",\"inLanguage\":\"fr-FR\",\"@id\":\"https:\\\/\\\/autate.fr\\\/site\\\/lt-troisieme-ligne-de-metro-ni-labege-ni-laeroport-ne-sont-dans-le-trace\\\/#primaryimage\",\"url\":\"https:\\\/\\\/autate.fr\\\/site\\\/wp-content\\\/uploads\\\/2015\\\/12\\\/3\u00e8melignem\u00e9tro.jpg\",\"contentUrl\":\"https:\\\/\\\/autate.fr\\\/site\\\/wp-content\\\/uploads\\\/2015\\\/12\\\/3\u00e8melignem\u00e9tro.jpg\",\"width\":599,\"height\":299},{\"@type\":\"BreadcrumbList\",\"@id\":\"https:\\\/\\\/autate.fr\\\/site\\\/lt-troisieme-ligne-de-metro-ni-labege-ni-laeroport-ne-sont-dans-le-trace\\\/#breadcrumb\",\"itemListElement\":[{\"@type\":\"ListItem\",\"position\":1,\"name\":\"Accueil\",\"item\":\"https:\\\/\\\/autate.fr\\\/site\\\/\"},{\"@type\":\"ListItem\",\"position\":2,\"name\":\"[La Tribune ObjNews] Troisi\u00e8me ligne de m\u00e9tro : Ni Lab\u00e8ge ni l\u2019a\u00e9roport ne sont dans le trac\u00e9\"}]},{\"@type\":\"WebSite\",\"@id\":\"https:\\\/\\\/autate.fr\\\/site\\\/#website\",\"url\":\"https:\\\/\\\/autate.fr\\\/site\\\/\",\"name\":\"AUTATE\",\"description\":\"Association des usagers des transports de l&#039;agglom\u00e9ration Toulousaine et de ses environs\",\"publisher\":{\"@id\":\"https:\\\/\\\/autate.fr\\\/site\\\/#organization\"},\"potentialAction\":[{\"@type\":\"SearchAction\",\"target\":{\"@type\":\"EntryPoint\",\"urlTemplate\":\"https:\\\/\\\/autate.fr\\\/site\\\/?s={search_term_string}\"},\"query-input\":{\"@type\":\"PropertyValueSpecification\",\"valueRequired\":true,\"valueName\":\"search_term_string\"}}],\"inLanguage\":\"fr-FR\"},{\"@type\":\"Organization\",\"@id\":\"https:\\\/\\\/autate.fr\\\/site\\\/#organization\",\"name\":\"AUTATE\",\"url\":\"https:\\\/\\\/autate.fr\\\/site\\\/\",\"logo\":{\"@type\":\"ImageObject\",\"inLanguage\":\"fr-FR\",\"@id\":\"https:\\\/\\\/autate.fr\\\/site\\\/#\\\/schema\\\/logo\\\/image\\\/\",\"url\":\"http:\\\/\\\/autate.fr\\\/site\\\/wp-content\\\/uploads\\\/2019\\\/01\\\/logo.png\",\"contentUrl\":\"http:\\\/\\\/autate.fr\\\/site\\\/wp-content\\\/uploads\\\/2019\\\/01\\\/logo.png\",\"width\":506,\"height\":280,\"caption\":\"AUTATE\"},\"image\":{\"@id\":\"https:\\\/\\\/autate.fr\\\/site\\\/#\\\/schema\\\/logo\\\/image\\\/\"},\"sameAs\":[\"https:\\\/\\\/www.facebook.com\\\/AutateToulouse\",\"https:\\\/\\\/x.com\\\/AutateToulouse\"]},{\"@type\":\"Person\",\"@id\":\"https:\\\/\\\/autate.fr\\\/site\\\/#\\\/schema\\\/person\\\/ae1ab8bdaa7b41d2a9b52d2557ce8254\",\"name\":\"pascalbarbier\",\"image\":{\"@type\":\"ImageObject\",\"inLanguage\":\"fr-FR\",\"@id\":\"https:\\\/\\\/secure.gravatar.com\\\/avatar\\\/03f4e8ced09894b72c67e83142540730d4b3bbf619bf46341b0074e3bf5f08a0?s=96&d=mm&r=g\",\"url\":\"https:\\\/\\\/secure.gravatar.com\\\/avatar\\\/03f4e8ced09894b72c67e83142540730d4b3bbf619bf46341b0074e3bf5f08a0?s=96&d=mm&r=g\",\"contentUrl\":\"https:\\\/\\\/secure.gravatar.com\\\/avatar\\\/03f4e8ced09894b72c67e83142540730d4b3bbf619bf46341b0074e3bf5f08a0?s=96&d=mm&r=g\",\"caption\":\"pascalbarbier\"},\"url\":\"https:\\\/\\\/autate.fr\\\/site\\\/author\\\/pascalbarbier\\\/\"}]}<\/script>\n<!-- \/ Yoast SEO plugin. -->","yoast_head_json":{"title":"[La Tribune ObjNews] Troisi\u00e8me ligne de m\u00e9tro : Ni Lab\u00e8ge ni l\u2019a\u00e9roport ne sont dans le trac\u00e9 - AUTATE","robots":{"index":"index","follow":"follow","max-snippet":"max-snippet:-1","max-image-preview":"max-image-preview:large","max-video-preview":"max-video-preview:-1"},"canonical":"https:\/\/autate.fr\/site\/lt-troisieme-ligne-de-metro-ni-labege-ni-laeroport-ne-sont-dans-le-trace\/","og_locale":"fr_FR","og_type":"article","og_title":"[La Tribune ObjNews] Troisi\u00e8me ligne de m\u00e9tro : Ni Lab\u00e8ge ni l\u2019a\u00e9roport ne sont dans le trac\u00e9 - AUTATE","og_description":"Le pr\u00e9sident de Toulouse M\u00e9tropole Jean-Luc Moudenc a pr\u00e9sent\u00e9 ce vendredi 18 d\u00e9cembre en comit\u00e9 syndical de Tiss\u00e9o le trac\u00e9 choisi pour la troisi\u00e8me ligne de m\u00e9tro. 17 stations sont pr\u00e9vues. La desserte de Lab\u00e8ge et de l&rsquo;a\u00e9roport ne sont pas dans l&rsquo;itin\u00e9raire de r\u00e9f\u00e9rence, mais positionn\u00e9es en option. D\u00e9cryptage et r\u00e9actions. C&rsquo;\u00e9tait l&rsquo;une desVOIR PLUS","og_url":"https:\/\/autate.fr\/site\/lt-troisieme-ligne-de-metro-ni-labege-ni-laeroport-ne-sont-dans-le-trace\/","og_site_name":"AUTATE","article_publisher":"https:\/\/www.facebook.com\/AutateToulouse","article_published_time":"2015-12-18T12:54:13+00:00","article_modified_time":"2016-08-10T19:19:50+00:00","og_image":[{"width":599,"height":299,"url":"https:\/\/autate.fr\/site\/wp-content\/uploads\/2015\/12\/3\u00e8melignem\u00e9tro.jpg","type":"image\/jpeg"}],"author":"pascalbarbier","twitter_card":"summary_large_image","twitter_creator":"@AutateToulouse","twitter_site":"@AutateToulouse","twitter_misc":{"\u00c9crit par":"pascalbarbier","Dur\u00e9e de lecture estim\u00e9e":"4 minutes"},"schema":{"@context":"https:\/\/schema.org","@graph":[{"@type":"Article","@id":"https:\/\/autate.fr\/site\/lt-troisieme-ligne-de-metro-ni-labege-ni-laeroport-ne-sont-dans-le-trace\/#article","isPartOf":{"@id":"https:\/\/autate.fr\/site\/lt-troisieme-ligne-de-metro-ni-labege-ni-laeroport-ne-sont-dans-le-trace\/"},"author":{"name":"pascalbarbier","@id":"https:\/\/autate.fr\/site\/#\/schema\/person\/ae1ab8bdaa7b41d2a9b52d2557ce8254"},"headline":"[La Tribune ObjNews] Troisi\u00e8me ligne de m\u00e9tro : Ni Lab\u00e8ge ni l\u2019a\u00e9roport ne sont dans le trac\u00e9","datePublished":"2015-12-18T12:54:13+00:00","dateModified":"2016-08-10T19:19:50+00:00","mainEntityOfPage":{"@id":"https:\/\/autate.fr\/site\/lt-troisieme-ligne-de-metro-ni-labege-ni-laeroport-ne-sont-dans-le-trace\/"},"wordCount":829,"commentCount":0,"publisher":{"@id":"https:\/\/autate.fr\/site\/#organization"},"image":{"@id":"https:\/\/autate.fr\/site\/lt-troisieme-ligne-de-metro-ni-labege-ni-laeroport-ne-sont-dans-le-trace\/#primaryimage"},"thumbnailUrl":"https:\/\/autate.fr\/site\/wp-content\/uploads\/2015\/12\/3\u00e8melignem\u00e9tro.jpg","keywords":["3\u00e8me ligne m\u00e9tro","a\u00e9roport","Blagnac","Lab\u00e8ge","m\u00e9tro"],"articleSection":["Revue de presse"],"inLanguage":"fr-FR","potentialAction":[{"@type":"CommentAction","name":"Comment","target":["https:\/\/autate.fr\/site\/lt-troisieme-ligne-de-metro-ni-labege-ni-laeroport-ne-sont-dans-le-trace\/#respond"]}]},{"@type":"WebPage","@id":"https:\/\/autate.fr\/site\/lt-troisieme-ligne-de-metro-ni-labege-ni-laeroport-ne-sont-dans-le-trace\/","url":"https:\/\/autate.fr\/site\/lt-troisieme-ligne-de-metro-ni-labege-ni-laeroport-ne-sont-dans-le-trace\/","name":"[La Tribune ObjNews] Troisi\u00e8me ligne de m\u00e9tro : Ni Lab\u00e8ge ni l\u2019a\u00e9roport ne sont dans le trac\u00e9 - AUTATE","isPartOf":{"@id":"https:\/\/autate.fr\/site\/#website"},"primaryImageOfPage":{"@id":"https:\/\/autate.fr\/site\/lt-troisieme-ligne-de-metro-ni-labege-ni-laeroport-ne-sont-dans-le-trace\/#primaryimage"},"image":{"@id":"https:\/\/autate.fr\/site\/lt-troisieme-ligne-de-metro-ni-labege-ni-laeroport-ne-sont-dans-le-trace\/#primaryimage"},"thumbnailUrl":"https:\/\/autate.fr\/site\/wp-content\/uploads\/2015\/12\/3\u00e8melignem\u00e9tro.jpg","datePublished":"2015-12-18T12:54:13+00:00","dateModified":"2016-08-10T19:19:50+00:00","breadcrumb":{"@id":"https:\/\/autate.fr\/site\/lt-troisieme-ligne-de-metro-ni-labege-ni-laeroport-ne-sont-dans-le-trace\/#breadcrumb"},"inLanguage":"fr-FR","potentialAction":[{"@type":"ReadAction","target":["https:\/\/autate.fr\/site\/lt-troisieme-ligne-de-metro-ni-labege-ni-laeroport-ne-sont-dans-le-trace\/"]}]},{"@type":"ImageObject","inLanguage":"fr-FR","@id":"https:\/\/autate.fr\/site\/lt-troisieme-ligne-de-metro-ni-labege-ni-laeroport-ne-sont-dans-le-trace\/#primaryimage","url":"https:\/\/autate.fr\/site\/wp-content\/uploads\/2015\/12\/3\u00e8melignem\u00e9tro.jpg","contentUrl":"https:\/\/autate.fr\/site\/wp-content\/uploads\/2015\/12\/3\u00e8melignem\u00e9tro.jpg","width":599,"height":299},{"@type":"BreadcrumbList","@id":"https:\/\/autate.fr\/site\/lt-troisieme-ligne-de-metro-ni-labege-ni-laeroport-ne-sont-dans-le-trace\/#breadcrumb","itemListElement":[{"@type":"ListItem","position":1,"name":"Accueil","item":"https:\/\/autate.fr\/site\/"},{"@type":"ListItem","position":2,"name":"[La Tribune ObjNews] Troisi\u00e8me ligne de m\u00e9tro : Ni Lab\u00e8ge ni l\u2019a\u00e9roport ne sont dans le trac\u00e9"}]},{"@type":"WebSite","@id":"https:\/\/autate.fr\/site\/#website","url":"https:\/\/autate.fr\/site\/","name":"AUTATE","description":"Association des usagers des transports de l&#039;agglom\u00e9ration Toulousaine et de ses environs","publisher":{"@id":"https:\/\/autate.fr\/site\/#organization"},"potentialAction":[{"@type":"SearchAction","target":{"@type":"EntryPoint","urlTemplate":"https:\/\/autate.fr\/site\/?s={search_term_string}"},"query-input":{"@type":"PropertyValueSpecification","valueRequired":true,"valueName":"search_term_string"}}],"inLanguage":"fr-FR"},{"@type":"Organization","@id":"https:\/\/autate.fr\/site\/#organization","name":"AUTATE","url":"https:\/\/autate.fr\/site\/","logo":{"@type":"ImageObject","inLanguage":"fr-FR","@id":"https:\/\/autate.fr\/site\/#\/schema\/logo\/image\/","url":"http:\/\/autate.fr\/site\/wp-content\/uploads\/2019\/01\/logo.png","contentUrl":"http:\/\/autate.fr\/site\/wp-content\/uploads\/2019\/01\/logo.png","width":506,"height":280,"caption":"AUTATE"},"image":{"@id":"https:\/\/autate.fr\/site\/#\/schema\/logo\/image\/"},"sameAs":["https:\/\/www.facebook.com\/AutateToulouse","https:\/\/x.com\/AutateToulouse"]},{"@type":"Person","@id":"https:\/\/autate.fr\/site\/#\/schema\/person\/ae1ab8bdaa7b41d2a9b52d2557ce8254","name":"pascalbarbier","image":{"@type":"ImageObject","inLanguage":"fr-FR","@id":"https:\/\/secure.gravatar.com\/avatar\/03f4e8ced09894b72c67e83142540730d4b3bbf619bf46341b0074e3bf5f08a0?s=96&d=mm&r=g","url":"https:\/\/secure.gravatar.com\/avatar\/03f4e8ced09894b72c67e83142540730d4b3bbf619bf46341b0074e3bf5f08a0?s=96&d=mm&r=g","contentUrl":"https:\/\/secure.gravatar.com\/avatar\/03f4e8ced09894b72c67e83142540730d4b3bbf619bf46341b0074e3bf5f08a0?s=96&d=mm&r=g","caption":"pascalbarbier"},"url":"https:\/\/autate.fr\/site\/author\/pascalbarbier\/"}]}},"_links":{"self":[{"href":"https:\/\/autate.fr\/site\/wp-json\/wp\/v2\/posts\/103","targetHints":{"allow":["GET"]}}],"collection":[{"href":"https:\/\/autate.fr\/site\/wp-json\/wp\/v2\/posts"}],"about":[{"href":"https:\/\/autate.fr\/site\/wp-json\/wp\/v2\/types\/post"}],"author":[{"embeddable":true,"href":"https:\/\/autate.fr\/site\/wp-json\/wp\/v2\/users\/1"}],"replies":[{"embeddable":true,"href":"https:\/\/autate.fr\/site\/wp-json\/wp\/v2\/comments?post=103"}],"version-history":[{"count":4,"href":"https:\/\/autate.fr\/site\/wp-json\/wp\/v2\/posts\/103\/revisions"}],"predecessor-version":[{"id":111,"href":"https:\/\/autate.fr\/site\/wp-json\/wp\/v2\/posts\/103\/revisions\/111"}],"wp:featuredmedia":[{"embeddable":true,"href":"https:\/\/autate.fr\/site\/wp-json\/wp\/v2\/media\/104"}],"wp:attachment":[{"href":"https:\/\/autate.fr\/site\/wp-json\/wp\/v2\/media?parent=103"}],"wp:term":[{"taxonomy":"category","embeddable":true,"href":"https:\/\/autate.fr\/site\/wp-json\/wp\/v2\/categories?post=103"},{"taxonomy":"post_tag","embeddable":true,"href":"https:\/\/autate.fr\/site\/wp-json\/wp\/v2\/tags?post=103"}],"curies":[{"name":"wp","href":"https:\/\/api.w.org\/{rel}","templated":true}]}}