{"id":101,"date":"2015-12-18T02:05:01","date_gmt":"2015-12-18T01:05:01","guid":{"rendered":"http:\/\/autate.fr\/site\/?p=101"},"modified":"2016-08-10T21:19:58","modified_gmt":"2016-08-10T19:19:58","slug":"actu-cote-toulouse-voici-le-trace-de-la-troisieme-ligne-de-metro-a-toulouse","status":"publish","type":"post","link":"https:\/\/autate.fr\/site\/actu-cote-toulouse-voici-le-trace-de-la-troisieme-ligne-de-metro-a-toulouse\/","title":{"rendered":"[Actu C\u00f4t\u00e9 Toulouse] Voici le trac\u00e9 de la troisi\u00e8me ligne de m\u00e9tro \u00e0 Toulouse"},"content":{"rendered":"<h2 class=\"bigger mts mbs\" data-role=\"chapo\">Jean-Luc Moudenc a d\u00e9voil\u00e9, vendredi 18 d\u00e9cembre, le trac\u00e9 de la troisi\u00e8me ligne de m\u00e9tro \u00e0 Toulouse. Le prolongement de la ligne B reste cependant en suspens.<\/h2>\n<p>&nbsp;<\/p>\n<figure><img decoding=\"async\" src=\"http:\/\/actu.cotetoulouse.fr\/files\/2015\/12\/11232984_933782070010705_6978152120249447133_n-630x0.jpg\" alt=\"troisi\u00e8me ligne de m\u00e9tro\" \/><figcaption>Le trac\u00e9 de la troisi\u00e8me ligne de m\u00e9tro \u00e0 Toulouse (Photo DR)<\/figcaption><\/figure>\n<div class=\"content\">\n<p>Lors d\u2019une conf\u00e9rence de presse tr\u00e8s attendue, le maire de Toulouse et pr\u00e9sident de Toulouse M\u00e9tropole Jean-Luc Moudenc, a d\u00e9voil\u00e9 le trac\u00e9 qu\u2019empruntera la troisi\u00e8me ligne de m\u00e9tro \u00e0 Toulouse. Annonc\u00e9e pour 2024, elle reliera Airbus Colomiers \u00e0 Airbus Defense and Space via un arc traversant le grand Est toulousain.<\/p>\n<p>Voici les stations retenues ainsi que les options encore en cours d\u2019arbitrage :<\/p>\n<figure id=\"attachment_25914\" class=\"wp-caption alignnone\"><a href=\"http:\/\/actu.cotetoulouse.fr\/files\/2015\/12\/11232984_933782070010705_6978152120249447133_n.jpg\"><img decoding=\"async\" class=\"size-article wp-image-25914\" src=\"http:\/\/actu.cotetoulouse.fr\/files\/2015\/12\/11232984_933782070010705_6978152120249447133_n-630x0.jpg\" alt=\"Le trac\u00e9 de la troisi\u00e8me ligne de m\u00e9tro \u00e0 Toulouse (Photo DR)\" width=\"630\" \/><\/a><figcaption class=\"wp-caption-text ma0\">Le trac\u00e9 de la troisi\u00e8me ligne de m\u00e9tro \u00e0 Toulouse (Photo DR)<\/figcaption><\/figure>\n<h3>La nouvelle ligne en chiffres<\/h3>\n<ul>\n<li>17 stations,<\/li>\n<li>21 kilom\u00e8tres de long<\/li>\n<li>Un partage 50\/50 entre souterrain et a\u00e9rien<\/li>\n<li>1,7 milliard d\u2019euros<\/li>\n<li>Objectif, 200 000 voyageurs par jour<\/li>\n<\/ul>\n<p><a href=\"http:\/\/actu.cotetoulouse.fr\/voici-le-trace-de-la-troisieme-ligne-de-metro-a-toulouse_25908\/\">lire la suite sur le site d&rsquo;Actu C\u00f4t\u00e9 Toulouse<\/a><\/p>\n<\/div>\n","protected":false},"excerpt":{"rendered":"<p>Jean-Luc Moudenc a d\u00e9voil\u00e9, vendredi 18 d\u00e9cembre, le trac\u00e9 de la troisi\u00e8me ligne de m\u00e9tro \u00e0 Toulouse. Le prolongement de la ligne B reste cependant en suspens. &nbsp; Le trac\u00e9 de la troisi\u00e8me ligne de m\u00e9tro \u00e0 Toulouse (Photo DR) Lors d\u2019une conf\u00e9rence de presse tr\u00e8s attendue, le maire de Toulouse et pr\u00e9sident de Toulouse<\/p>\n<p class=\"more-link\"><a href=\"https:\/\/autate.fr\/site\/actu-cote-toulouse-voici-le-trace-de-la-troisieme-ligne-de-metro-a-toulouse\/\" class=\"themebutton2\">VOIR PLUS<\/a><\/p>\n","protected":false},"author":1,"featured_media":0,"comment_status":"open","ping_status":"open","sticky":false,"template":"","format":"standard","meta":{"footnotes":""},"categories":[7],"tags":[172,12,31],"class_list":["post-101","post","type-post","status-publish","format-standard","hentry","category-revue-de-presse","tag-3eme-ligne-metro","tag-metro","tag-trace"],"yoast_head":"<!-- This site is optimized with the Yoast SEO plugin v27.4 - https:\/\/yoast.com\/product\/yoast-seo-wordpress\/ -->\n<title>[Actu C\u00f4t\u00e9 Toulouse] Voici le trac\u00e9 de la troisi\u00e8me ligne de m\u00e9tro \u00e0 Toulouse - AUTATE<\/title>\n<meta name=\"robots\" content=\"index, follow, max-snippet:-1, max-image-preview:large, max-video-preview:-1\" \/>\n<link rel=\"canonical\" href=\"https:\/\/autate.fr\/site\/actu-cote-toulouse-voici-le-trace-de-la-troisieme-ligne-de-metro-a-toulouse\/\" \/>\n<meta property=\"og:locale\" content=\"fr_FR\" \/>\n<meta property=\"og:type\" content=\"article\" \/>\n<meta property=\"og:title\" content=\"[Actu C\u00f4t\u00e9 Toulouse] Voici le trac\u00e9 de la troisi\u00e8me ligne de m\u00e9tro \u00e0 Toulouse - AUTATE\" \/>\n<meta property=\"og:description\" content=\"Jean-Luc Moudenc a d\u00e9voil\u00e9, vendredi 18 d\u00e9cembre, le trac\u00e9 de la troisi\u00e8me ligne de m\u00e9tro \u00e0 Toulouse. Le prolongement de la ligne B reste cependant en suspens. &nbsp; Le trac\u00e9 de la troisi\u00e8me ligne de m\u00e9tro \u00e0 Toulouse (Photo DR) Lors d\u2019une conf\u00e9rence de presse tr\u00e8s attendue, le maire de Toulouse et pr\u00e9sident de ToulouseVOIR PLUS\" \/>\n<meta property=\"og:url\" content=\"https:\/\/autate.fr\/site\/actu-cote-toulouse-voici-le-trace-de-la-troisieme-ligne-de-metro-a-toulouse\/\" \/>\n<meta property=\"og:site_name\" content=\"AUTATE\" \/>\n<meta property=\"article:publisher\" content=\"https:\/\/www.facebook.com\/AutateToulouse\" \/>\n<meta property=\"article:published_time\" content=\"2015-12-18T01:05:01+00:00\" \/>\n<meta property=\"article:modified_time\" content=\"2016-08-10T19:19:58+00:00\" \/>\n<meta property=\"og:image\" content=\"http:\/\/actu.cotetoulouse.fr\/files\/2015\/12\/11232984_933782070010705_6978152120249447133_n-630x0.jpg\" \/>\n<meta name=\"author\" content=\"pascalbarbier\" \/>\n<meta name=\"twitter:card\" content=\"summary_large_image\" \/>\n<meta name=\"twitter:creator\" content=\"@AutateToulouse\" \/>\n<meta name=\"twitter:site\" content=\"@AutateToulouse\" \/>\n<meta name=\"twitter:label1\" content=\"\u00c9crit par\" \/>\n\t<meta name=\"twitter:data1\" content=\"pascalbarbier\" \/>\n\t<meta name=\"twitter:label2\" content=\"Dur\u00e9e de lecture estim\u00e9e\" \/>\n\t<meta name=\"twitter:data2\" content=\"1 minute\" \/>\n<script type=\"application\/ld+json\" class=\"yoast-schema-graph\">{\"@context\":\"https:\\\/\\\/schema.org\",\"@graph\":[{\"@type\":\"Article\",\"@id\":\"https:\\\/\\\/autate.fr\\\/site\\\/actu-cote-toulouse-voici-le-trace-de-la-troisieme-ligne-de-metro-a-toulouse\\\/#article\",\"isPartOf\":{\"@id\":\"https:\\\/\\\/autate.fr\\\/site\\\/actu-cote-toulouse-voici-le-trace-de-la-troisieme-ligne-de-metro-a-toulouse\\\/\"},\"author\":{\"name\":\"pascalbarbier\",\"@id\":\"https:\\\/\\\/autate.fr\\\/site\\\/#\\\/schema\\\/person\\\/ae1ab8bdaa7b41d2a9b52d2557ce8254\"},\"headline\":\"[Actu C\u00f4t\u00e9 Toulouse] Voici le trac\u00e9 de la troisi\u00e8me ligne de m\u00e9tro \u00e0 Toulouse\",\"datePublished\":\"2015-12-18T01:05:01+00:00\",\"dateModified\":\"2016-08-10T19:19:58+00:00\",\"mainEntityOfPage\":{\"@id\":\"https:\\\/\\\/autate.fr\\\/site\\\/actu-cote-toulouse-voici-le-trace-de-la-troisieme-ligne-de-metro-a-toulouse\\\/\"},\"wordCount\":176,\"commentCount\":0,\"publisher\":{\"@id\":\"https:\\\/\\\/autate.fr\\\/site\\\/#organization\"},\"image\":{\"@id\":\"https:\\\/\\\/autate.fr\\\/site\\\/actu-cote-toulouse-voici-le-trace-de-la-troisieme-ligne-de-metro-a-toulouse\\\/#primaryimage\"},\"thumbnailUrl\":\"http:\\\/\\\/actu.cotetoulouse.fr\\\/files\\\/2015\\\/12\\\/11232984_933782070010705_6978152120249447133_n-630x0.jpg\",\"keywords\":[\"3\u00e8me ligne m\u00e9tro\",\"m\u00e9tro\",\"trac\u00e9\"],\"articleSection\":[\"Revue de presse\"],\"inLanguage\":\"fr-FR\",\"potentialAction\":[{\"@type\":\"CommentAction\",\"name\":\"Comment\",\"target\":[\"https:\\\/\\\/autate.fr\\\/site\\\/actu-cote-toulouse-voici-le-trace-de-la-troisieme-ligne-de-metro-a-toulouse\\\/#respond\"]}]},{\"@type\":\"WebPage\",\"@id\":\"https:\\\/\\\/autate.fr\\\/site\\\/actu-cote-toulouse-voici-le-trace-de-la-troisieme-ligne-de-metro-a-toulouse\\\/\",\"url\":\"https:\\\/\\\/autate.fr\\\/site\\\/actu-cote-toulouse-voici-le-trace-de-la-troisieme-ligne-de-metro-a-toulouse\\\/\",\"name\":\"[Actu C\u00f4t\u00e9 Toulouse] Voici le trac\u00e9 de la troisi\u00e8me ligne de m\u00e9tro \u00e0 Toulouse - AUTATE\",\"isPartOf\":{\"@id\":\"https:\\\/\\\/autate.fr\\\/site\\\/#website\"},\"primaryImageOfPage\":{\"@id\":\"https:\\\/\\\/autate.fr\\\/site\\\/actu-cote-toulouse-voici-le-trace-de-la-troisieme-ligne-de-metro-a-toulouse\\\/#primaryimage\"},\"image\":{\"@id\":\"https:\\\/\\\/autate.fr\\\/site\\\/actu-cote-toulouse-voici-le-trace-de-la-troisieme-ligne-de-metro-a-toulouse\\\/#primaryimage\"},\"thumbnailUrl\":\"http:\\\/\\\/actu.cotetoulouse.fr\\\/files\\\/2015\\\/12\\\/11232984_933782070010705_6978152120249447133_n-630x0.jpg\",\"datePublished\":\"2015-12-18T01:05:01+00:00\",\"dateModified\":\"2016-08-10T19:19:58+00:00\",\"breadcrumb\":{\"@id\":\"https:\\\/\\\/autate.fr\\\/site\\\/actu-cote-toulouse-voici-le-trace-de-la-troisieme-ligne-de-metro-a-toulouse\\\/#breadcrumb\"},\"inLanguage\":\"fr-FR\",\"potentialAction\":[{\"@type\":\"ReadAction\",\"target\":[\"https:\\\/\\\/autate.fr\\\/site\\\/actu-cote-toulouse-voici-le-trace-de-la-troisieme-ligne-de-metro-a-toulouse\\\/\"]}]},{\"@type\":\"ImageObject\",\"inLanguage\":\"fr-FR\",\"@id\":\"https:\\\/\\\/autate.fr\\\/site\\\/actu-cote-toulouse-voici-le-trace-de-la-troisieme-ligne-de-metro-a-toulouse\\\/#primaryimage\",\"url\":\"http:\\\/\\\/actu.cotetoulouse.fr\\\/files\\\/2015\\\/12\\\/11232984_933782070010705_6978152120249447133_n-630x0.jpg\",\"contentUrl\":\"http:\\\/\\\/actu.cotetoulouse.fr\\\/files\\\/2015\\\/12\\\/11232984_933782070010705_6978152120249447133_n-630x0.jpg\"},{\"@type\":\"BreadcrumbList\",\"@id\":\"https:\\\/\\\/autate.fr\\\/site\\\/actu-cote-toulouse-voici-le-trace-de-la-troisieme-ligne-de-metro-a-toulouse\\\/#breadcrumb\",\"itemListElement\":[{\"@type\":\"ListItem\",\"position\":1,\"name\":\"Accueil\",\"item\":\"https:\\\/\\\/autate.fr\\\/site\\\/\"},{\"@type\":\"ListItem\",\"position\":2,\"name\":\"[Actu C\u00f4t\u00e9 Toulouse] Voici le trac\u00e9 de la troisi\u00e8me ligne de m\u00e9tro \u00e0 Toulouse\"}]},{\"@type\":\"WebSite\",\"@id\":\"https:\\\/\\\/autate.fr\\\/site\\\/#website\",\"url\":\"https:\\\/\\\/autate.fr\\\/site\\\/\",\"name\":\"AUTATE\",\"description\":\"Association des usagers des transports de l&#039;agglom\u00e9ration Toulousaine et de ses environs\",\"publisher\":{\"@id\":\"https:\\\/\\\/autate.fr\\\/site\\\/#organization\"},\"potentialAction\":[{\"@type\":\"SearchAction\",\"target\":{\"@type\":\"EntryPoint\",\"urlTemplate\":\"https:\\\/\\\/autate.fr\\\/site\\\/?s={search_term_string}\"},\"query-input\":{\"@type\":\"PropertyValueSpecification\",\"valueRequired\":true,\"valueName\":\"search_term_string\"}}],\"inLanguage\":\"fr-FR\"},{\"@type\":\"Organization\",\"@id\":\"https:\\\/\\\/autate.fr\\\/site\\\/#organization\",\"name\":\"AUTATE\",\"url\":\"https:\\\/\\\/autate.fr\\\/site\\\/\",\"logo\":{\"@type\":\"ImageObject\",\"inLanguage\":\"fr-FR\",\"@id\":\"https:\\\/\\\/autate.fr\\\/site\\\/#\\\/schema\\\/logo\\\/image\\\/\",\"url\":\"http:\\\/\\\/autate.fr\\\/site\\\/wp-content\\\/uploads\\\/2019\\\/01\\\/logo.png\",\"contentUrl\":\"http:\\\/\\\/autate.fr\\\/site\\\/wp-content\\\/uploads\\\/2019\\\/01\\\/logo.png\",\"width\":506,\"height\":280,\"caption\":\"AUTATE\"},\"image\":{\"@id\":\"https:\\\/\\\/autate.fr\\\/site\\\/#\\\/schema\\\/logo\\\/image\\\/\"},\"sameAs\":[\"https:\\\/\\\/www.facebook.com\\\/AutateToulouse\",\"https:\\\/\\\/x.com\\\/AutateToulouse\"]},{\"@type\":\"Person\",\"@id\":\"https:\\\/\\\/autate.fr\\\/site\\\/#\\\/schema\\\/person\\\/ae1ab8bdaa7b41d2a9b52d2557ce8254\",\"name\":\"pascalbarbier\",\"image\":{\"@type\":\"ImageObject\",\"inLanguage\":\"fr-FR\",\"@id\":\"https:\\\/\\\/secure.gravatar.com\\\/avatar\\\/03f4e8ced09894b72c67e83142540730d4b3bbf619bf46341b0074e3bf5f08a0?s=96&d=mm&r=g\",\"url\":\"https:\\\/\\\/secure.gravatar.com\\\/avatar\\\/03f4e8ced09894b72c67e83142540730d4b3bbf619bf46341b0074e3bf5f08a0?s=96&d=mm&r=g\",\"contentUrl\":\"https:\\\/\\\/secure.gravatar.com\\\/avatar\\\/03f4e8ced09894b72c67e83142540730d4b3bbf619bf46341b0074e3bf5f08a0?s=96&d=mm&r=g\",\"caption\":\"pascalbarbier\"},\"url\":\"https:\\\/\\\/autate.fr\\\/site\\\/author\\\/pascalbarbier\\\/\"}]}<\/script>\n<!-- \/ Yoast SEO plugin. -->","yoast_head_json":{"title":"[Actu C\u00f4t\u00e9 Toulouse] Voici le trac\u00e9 de la troisi\u00e8me ligne de m\u00e9tro \u00e0 Toulouse - AUTATE","robots":{"index":"index","follow":"follow","max-snippet":"max-snippet:-1","max-image-preview":"max-image-preview:large","max-video-preview":"max-video-preview:-1"},"canonical":"https:\/\/autate.fr\/site\/actu-cote-toulouse-voici-le-trace-de-la-troisieme-ligne-de-metro-a-toulouse\/","og_locale":"fr_FR","og_type":"article","og_title":"[Actu C\u00f4t\u00e9 Toulouse] Voici le trac\u00e9 de la troisi\u00e8me ligne de m\u00e9tro \u00e0 Toulouse - AUTATE","og_description":"Jean-Luc Moudenc a d\u00e9voil\u00e9, vendredi 18 d\u00e9cembre, le trac\u00e9 de la troisi\u00e8me ligne de m\u00e9tro \u00e0 Toulouse. Le prolongement de la ligne B reste cependant en suspens. &nbsp; Le trac\u00e9 de la troisi\u00e8me ligne de m\u00e9tro \u00e0 Toulouse (Photo DR) Lors d\u2019une conf\u00e9rence de presse tr\u00e8s attendue, le maire de Toulouse et pr\u00e9sident de ToulouseVOIR PLUS","og_url":"https:\/\/autate.fr\/site\/actu-cote-toulouse-voici-le-trace-de-la-troisieme-ligne-de-metro-a-toulouse\/","og_site_name":"AUTATE","article_publisher":"https:\/\/www.facebook.com\/AutateToulouse","article_published_time":"2015-12-18T01:05:01+00:00","article_modified_time":"2016-08-10T19:19:58+00:00","og_image":[{"url":"http:\/\/actu.cotetoulouse.fr\/files\/2015\/12\/11232984_933782070010705_6978152120249447133_n-630x0.jpg","type":"","width":"","height":""}],"author":"pascalbarbier","twitter_card":"summary_large_image","twitter_creator":"@AutateToulouse","twitter_site":"@AutateToulouse","twitter_misc":{"\u00c9crit par":"pascalbarbier","Dur\u00e9e de lecture estim\u00e9e":"1 minute"},"schema":{"@context":"https:\/\/schema.org","@graph":[{"@type":"Article","@id":"https:\/\/autate.fr\/site\/actu-cote-toulouse-voici-le-trace-de-la-troisieme-ligne-de-metro-a-toulouse\/#article","isPartOf":{"@id":"https:\/\/autate.fr\/site\/actu-cote-toulouse-voici-le-trace-de-la-troisieme-ligne-de-metro-a-toulouse\/"},"author":{"name":"pascalbarbier","@id":"https:\/\/autate.fr\/site\/#\/schema\/person\/ae1ab8bdaa7b41d2a9b52d2557ce8254"},"headline":"[Actu C\u00f4t\u00e9 Toulouse] Voici le trac\u00e9 de la troisi\u00e8me ligne de m\u00e9tro \u00e0 Toulouse","datePublished":"2015-12-18T01:05:01+00:00","dateModified":"2016-08-10T19:19:58+00:00","mainEntityOfPage":{"@id":"https:\/\/autate.fr\/site\/actu-cote-toulouse-voici-le-trace-de-la-troisieme-ligne-de-metro-a-toulouse\/"},"wordCount":176,"commentCount":0,"publisher":{"@id":"https:\/\/autate.fr\/site\/#organization"},"image":{"@id":"https:\/\/autate.fr\/site\/actu-cote-toulouse-voici-le-trace-de-la-troisieme-ligne-de-metro-a-toulouse\/#primaryimage"},"thumbnailUrl":"http:\/\/actu.cotetoulouse.fr\/files\/2015\/12\/11232984_933782070010705_6978152120249447133_n-630x0.jpg","keywords":["3\u00e8me ligne m\u00e9tro","m\u00e9tro","trac\u00e9"],"articleSection":["Revue de presse"],"inLanguage":"fr-FR","potentialAction":[{"@type":"CommentAction","name":"Comment","target":["https:\/\/autate.fr\/site\/actu-cote-toulouse-voici-le-trace-de-la-troisieme-ligne-de-metro-a-toulouse\/#respond"]}]},{"@type":"WebPage","@id":"https:\/\/autate.fr\/site\/actu-cote-toulouse-voici-le-trace-de-la-troisieme-ligne-de-metro-a-toulouse\/","url":"https:\/\/autate.fr\/site\/actu-cote-toulouse-voici-le-trace-de-la-troisieme-ligne-de-metro-a-toulouse\/","name":"[Actu C\u00f4t\u00e9 Toulouse] Voici le trac\u00e9 de la troisi\u00e8me ligne de m\u00e9tro \u00e0 Toulouse - AUTATE","isPartOf":{"@id":"https:\/\/autate.fr\/site\/#website"},"primaryImageOfPage":{"@id":"https:\/\/autate.fr\/site\/actu-cote-toulouse-voici-le-trace-de-la-troisieme-ligne-de-metro-a-toulouse\/#primaryimage"},"image":{"@id":"https:\/\/autate.fr\/site\/actu-cote-toulouse-voici-le-trace-de-la-troisieme-ligne-de-metro-a-toulouse\/#primaryimage"},"thumbnailUrl":"http:\/\/actu.cotetoulouse.fr\/files\/2015\/12\/11232984_933782070010705_6978152120249447133_n-630x0.jpg","datePublished":"2015-12-18T01:05:01+00:00","dateModified":"2016-08-10T19:19:58+00:00","breadcrumb":{"@id":"https:\/\/autate.fr\/site\/actu-cote-toulouse-voici-le-trace-de-la-troisieme-ligne-de-metro-a-toulouse\/#breadcrumb"},"inLanguage":"fr-FR","potentialAction":[{"@type":"ReadAction","target":["https:\/\/autate.fr\/site\/actu-cote-toulouse-voici-le-trace-de-la-troisieme-ligne-de-metro-a-toulouse\/"]}]},{"@type":"ImageObject","inLanguage":"fr-FR","@id":"https:\/\/autate.fr\/site\/actu-cote-toulouse-voici-le-trace-de-la-troisieme-ligne-de-metro-a-toulouse\/#primaryimage","url":"http:\/\/actu.cotetoulouse.fr\/files\/2015\/12\/11232984_933782070010705_6978152120249447133_n-630x0.jpg","contentUrl":"http:\/\/actu.cotetoulouse.fr\/files\/2015\/12\/11232984_933782070010705_6978152120249447133_n-630x0.jpg"},{"@type":"BreadcrumbList","@id":"https:\/\/autate.fr\/site\/actu-cote-toulouse-voici-le-trace-de-la-troisieme-ligne-de-metro-a-toulouse\/#breadcrumb","itemListElement":[{"@type":"ListItem","position":1,"name":"Accueil","item":"https:\/\/autate.fr\/site\/"},{"@type":"ListItem","position":2,"name":"[Actu C\u00f4t\u00e9 Toulouse] Voici le trac\u00e9 de la troisi\u00e8me ligne de m\u00e9tro \u00e0 Toulouse"}]},{"@type":"WebSite","@id":"https:\/\/autate.fr\/site\/#website","url":"https:\/\/autate.fr\/site\/","name":"AUTATE","description":"Association des usagers des transports de l&#039;agglom\u00e9ration Toulousaine et de ses environs","publisher":{"@id":"https:\/\/autate.fr\/site\/#organization"},"potentialAction":[{"@type":"SearchAction","target":{"@type":"EntryPoint","urlTemplate":"https:\/\/autate.fr\/site\/?s={search_term_string}"},"query-input":{"@type":"PropertyValueSpecification","valueRequired":true,"valueName":"search_term_string"}}],"inLanguage":"fr-FR"},{"@type":"Organization","@id":"https:\/\/autate.fr\/site\/#organization","name":"AUTATE","url":"https:\/\/autate.fr\/site\/","logo":{"@type":"ImageObject","inLanguage":"fr-FR","@id":"https:\/\/autate.fr\/site\/#\/schema\/logo\/image\/","url":"http:\/\/autate.fr\/site\/wp-content\/uploads\/2019\/01\/logo.png","contentUrl":"http:\/\/autate.fr\/site\/wp-content\/uploads\/2019\/01\/logo.png","width":506,"height":280,"caption":"AUTATE"},"image":{"@id":"https:\/\/autate.fr\/site\/#\/schema\/logo\/image\/"},"sameAs":["https:\/\/www.facebook.com\/AutateToulouse","https:\/\/x.com\/AutateToulouse"]},{"@type":"Person","@id":"https:\/\/autate.fr\/site\/#\/schema\/person\/ae1ab8bdaa7b41d2a9b52d2557ce8254","name":"pascalbarbier","image":{"@type":"ImageObject","inLanguage":"fr-FR","@id":"https:\/\/secure.gravatar.com\/avatar\/03f4e8ced09894b72c67e83142540730d4b3bbf619bf46341b0074e3bf5f08a0?s=96&d=mm&r=g","url":"https:\/\/secure.gravatar.com\/avatar\/03f4e8ced09894b72c67e83142540730d4b3bbf619bf46341b0074e3bf5f08a0?s=96&d=mm&r=g","contentUrl":"https:\/\/secure.gravatar.com\/avatar\/03f4e8ced09894b72c67e83142540730d4b3bbf619bf46341b0074e3bf5f08a0?s=96&d=mm&r=g","caption":"pascalbarbier"},"url":"https:\/\/autate.fr\/site\/author\/pascalbarbier\/"}]}},"_links":{"self":[{"href":"https:\/\/autate.fr\/site\/wp-json\/wp\/v2\/posts\/101","targetHints":{"allow":["GET"]}}],"collection":[{"href":"https:\/\/autate.fr\/site\/wp-json\/wp\/v2\/posts"}],"about":[{"href":"https:\/\/autate.fr\/site\/wp-json\/wp\/v2\/types\/post"}],"author":[{"embeddable":true,"href":"https:\/\/autate.fr\/site\/wp-json\/wp\/v2\/users\/1"}],"replies":[{"embeddable":true,"href":"https:\/\/autate.fr\/site\/wp-json\/wp\/v2\/comments?post=101"}],"version-history":[{"count":2,"href":"https:\/\/autate.fr\/site\/wp-json\/wp\/v2\/posts\/101\/revisions"}],"predecessor-version":[{"id":112,"href":"https:\/\/autate.fr\/site\/wp-json\/wp\/v2\/posts\/101\/revisions\/112"}],"wp:attachment":[{"href":"https:\/\/autate.fr\/site\/wp-json\/wp\/v2\/media?parent=101"}],"wp:term":[{"taxonomy":"category","embeddable":true,"href":"https:\/\/autate.fr\/site\/wp-json\/wp\/v2\/categories?post=101"},{"taxonomy":"post_tag","embeddable":true,"href":"https:\/\/autate.fr\/site\/wp-json\/wp\/v2\/tags?post=101"}],"curies":[{"name":"wp","href":"https:\/\/api.w.org\/{rel}","templated":true}]}}