{"id":2578,"global_id":"autate.fr\/site?id=2578","global_id_lineage":["autate.fr\/site?id=2578"],"author":"1","status":"publish","date":"2018-03-19 22:13:29","date_utc":"2018-03-19 21:13:29","modified":"2018-03-19 22:13:29","modified_utc":"2018-03-19 21:13:29","url":"https:\/\/autate.fr\/site\/evenement\/les-transports-dans-louest-de-lagglomeration\/","rest_url":"https:\/\/autate.fr\/site\/wp-json\/tribe\/events\/v1\/events\/2578","title":"Les transports dans l\u2019ouest de l\u2019agglom\u00e9ration","description":"<p>L\u2019 AUTATE, le Collectif du D\u00e9sert de l\u2019Ouest et TAE (Tournefeuille Avenir Environnement) organisent une r\u00e9union sur<\/p>\n<p><strong>Les transports dans l\u2019ouest de l\u2019agglom\u00e9ration<\/strong><\/p>\n<p>lundi 26 mars \u00e0 18h30<\/p>\n<p>salle rouge du Phare \u00e0 Tournefeuille<\/p>\n<p>&#8211; Point sur la situation actuelle et \u00e0 venir des transports en commun du secteur<\/p>\n<p>&#8211; \u00c9changes autour de vos exp\u00e9riences, id\u00e9es, avis, \u2026<\/p>","excerpt":"","slug":"les-transports-dans-louest-de-lagglomeration","image":false,"all_day":false,"start_date":"2018-03-26 18:30:00","start_date_details":{"year":"2018","month":"03","day":"26","hour":"18","minutes":"30","seconds":"00"},"end_date":"2018-03-26 21:00:00","end_date_details":{"year":"2018","month":"03","day":"26","hour":"21","minutes":"00","seconds":"00"},"utc_start_date":"2018-03-26 16:30:00","utc_start_date_details":{"year":"2018","month":"03","day":"26","hour":"16","minutes":"30","seconds":"00"},"utc_end_date":"2018-03-26 19:00:00","utc_end_date_details":{"year":"2018","month":"03","day":"26","hour":"19","minutes":"00","seconds":"00"},"timezone":"Europe\/Paris","timezone_abbr":"CEST","cost":"","cost_details":{"currency_symbol":"","currency_code":"","currency_position":"prefix","values":[]},"website":"","show_map":true,"show_map_link":true,"hide_from_listings":false,"sticky":false,"featured":false,"categories":[{"name":"R\u00e9unions publiques","slug":"reunions-publiques","term_group":0,"term_taxonomy_id":183,"taxonomy":"tribe_events_cat","description":"","parent":0,"count":18,"filter":"raw","id":183,"urls":{"self":"https:\/\/autate.fr\/site\/wp-json\/tribe\/events\/v1\/categories\/183","collection":"https:\/\/autate.fr\/site\/wp-json\/tribe\/events\/v1\/categories"}}],"tags":[],"venue":[],"organizer":[{"id":2580,"author":"1","status":"publish","date":"2018-03-19 22:13:30","date_utc":"2018-03-19 21:13:30","modified":"2018-03-19 22:13:30","modified_utc":"2018-03-19 21:13:30","url":"https:\/\/autate.fr\/site\/organisateur\/collectif-du-desert-de-louest\/","organizer":"Collectif du d\u00e9sert de l&rsquo;Ouest","slug":"collectif-du-desert-de-louest","json_ld":{"@type":"Person","name":"Collectif du d\u00e9sert de l&rsquo;Ouest","description":"","url":"","telephone":"","email":"","sameAs":""},"global_id":"autate.fr\/site?id=2580","global_id_lineage":["autate.fr\/site?id=2580"]},{"id":2581,"author":"1","status":"publish","date":"2018-03-19 22:13:30","date_utc":"2018-03-19 21:13:30","modified":"2018-03-19 22:13:30","modified_utc":"2018-03-19 21:13:30","url":"https:\/\/autate.fr\/site\/organisateur\/tournefeuille-avenir-environnement\/","organizer":"Tournefeuille Avenir Environnement","slug":"tournefeuille-avenir-environnement","json_ld":{"@type":"Person","name":"Tournefeuille Avenir Environnement","description":"","url":"","telephone":"","email":"","sameAs":""},"global_id":"autate.fr\/site?id=2581","global_id_lineage":["autate.fr\/site?id=2581"]}],"custom_fields":[],"json_ld":{"@context":"http:\/\/schema.org","@type":"Event","name":"Les transports dans l\u2019ouest de l\u2019agglom\u00e9ration","description":"&lt;p&gt;L\u2019 AUTATE, le Collectif du D\u00e9sert de l\u2019Ouest et TAE (Tournefeuille Avenir Environnement) organisent une r\u00e9union sur Les transports dans l\u2019ouest de l\u2019agglom\u00e9ration lundi 26 mars \u00e0 18h30 salle rouge du Phare \u00e0 Tournefeuille - Point sur la situation actuelle et \u00e0 venir des transports en commun du secteur - \u00c9changes autour de vos exp\u00e9riences,&lt;\/p&gt;\\n&lt;p class=&quot;more-link&quot;&gt;&lt;a href=&quot;https:\/\/autate.fr\/site\/evenement\/les-transports-dans-louest-de-lagglomeration\/&quot; class=&quot;themebutton2&quot;&gt;VOIR PLUS&lt;\/a&gt;&lt;\/p&gt;\\n","url":"https:\/\/autate.fr\/site\/evenement\/les-transports-dans-louest-de-lagglomeration\/","eventAttendanceMode":"https:\/\/schema.org\/OfflineEventAttendanceMode","eventStatus":"https:\/\/schema.org\/EventScheduled","startDate":"2018-03-26T18:30:00+02:00","endDate":"2018-03-26T21:00:00+02:00","organizer":{"@type":"Person","name":"Collectif du d\u00e9sert de l&rsquo;Ouest","description":"","url":"","telephone":"","email":"","sameAs":""},"performer":"Organization"}}